{"id":130261,"date":"2024-03-05T11:35:17","date_gmt":"2024-03-05T14:35:17","guid":{"rendered":"https:\/\/corrientesdetarde.com\/?p=130261"},"modified":"2024-03-05T11:35:28","modified_gmt":"2024-03-05T14:35:28","slug":"copa-de-la-liga-se-define-quien-sera-el-puntero-del-grupo-a","status":"publish","type":"post","link":"https:\/\/corrientesdetarde.com\/index.php\/deportes\/copa-de-la-liga-se-define-quien-sera-el-puntero-del-grupo-a\/","title":{"rendered":"Copa de la Liga: se define qui\u00e9n ser\u00e1 el puntero del Grupo A"},"content":{"rendered":"\n<p><strong>Por Coco Ram\u00f3n<\/strong><\/p>\n\n\n\n<p>Contin\u00faa esta noche la 9\u00b0 fecha de la Copa de la Liga, con un partido muy importante en el cual Barracas Central recibe a Independiente. Y de esta manera se estar\u00e1 definiendo qui\u00e9n ser\u00e1 el puntero del Grupo A de la Copa de la Liga. \u00bfPor qu\u00e9?<\/p>\n\n\n\n<figure class=\"wp-block-embed is-type-video is-provider-youtube wp-block-embed-youtube wp-embed-aspect-16-9 wp-has-aspect-ratio\"><div class=\"wp-block-embed__wrapper\">\n<iframe loading=\"lazy\" title=\"Copa de la Liga: se define qui\u00e9n ser\u00e1 el puntero del Grupo A\" width=\"1110\" height=\"624\" src=\"https:\/\/www.youtube.com\/embed\/ye-W8pz-1jg?feature=oembed\" frameborder=\"0\" allow=\"accelerometer; autoplay; clipboard-write; encrypted-media; gyroscope; picture-in-picture; web-share\" allowfullscreen><\/iframe>\n<\/div><\/figure>\n\n\n\n<p>Porque ayer Instituto le gan\u00f3 a Hurac\u00e1n 2 a 0 y por ahora Instituto, con 17 puntos, es justamente el puntero de la zona A. Independiente tiene 16 y Barracas tiene 15 puntos y tendr\u00e1n que esperar hasta ma\u00f1ana que juegue River en esa zona para saber qui\u00e9n queda como puntero del Grupo A. Hoy tambi\u00e9n, adem\u00e1s del partido entre Barracas e Independiente, estar\u00e1n jugando a las 8 de la noche Racing con Sarmiento de Jun\u00edn. El resto, en el videoreporte.<\/p>\n","protected":false},"excerpt":{"rendered":"<p>Por Coco Ram\u00f3n Contin\u00faa esta noche la 9\u00b0 fecha de la Copa de la Liga, con un partido muy importante en el cual Barracas Central recibe a Independiente. Y de&hellip; <\/p>\n","protected":false},"author":11,"featured_media":130265,"comment_status":"closed","ping_status":"open","sticky":false,"template":"","format":"standard","meta":{"footnotes":""},"categories":[4],"tags":[],"class_list":["post-130261","post","type-post","status-publish","format-standard","has-post-thumbnail","hentry","category-deportes"],"_links":{"self":[{"href":"https:\/\/corrientesdetarde.com\/index.php\/wp-json\/wp\/v2\/posts\/130261","targetHints":{"allow":["GET"]}}],"collection":[{"href":"https:\/\/corrientesdetarde.com\/index.php\/wp-json\/wp\/v2\/posts"}],"about":[{"href":"https:\/\/corrientesdetarde.com\/index.php\/wp-json\/wp\/v2\/types\/post"}],"author":[{"embeddable":true,"href":"https:\/\/corrientesdetarde.com\/index.php\/wp-json\/wp\/v2\/users\/11"}],"replies":[{"embeddable":true,"href":"https:\/\/corrientesdetarde.com\/index.php\/wp-json\/wp\/v2\/comments?post=130261"}],"version-history":[{"count":2,"href":"https:\/\/corrientesdetarde.com\/index.php\/wp-json\/wp\/v2\/posts\/130261\/revisions"}],"predecessor-version":[{"id":130267,"href":"https:\/\/corrientesdetarde.com\/index.php\/wp-json\/wp\/v2\/posts\/130261\/revisions\/130267"}],"wp:featuredmedia":[{"embeddable":true,"href":"https:\/\/corrientesdetarde.com\/index.php\/wp-json\/wp\/v2\/media\/130265"}],"wp:attachment":[{"href":"https:\/\/corrientesdetarde.com\/index.php\/wp-json\/wp\/v2\/media?parent=130261"}],"wp:term":[{"taxonomy":"category","embeddable":true,"href":"https:\/\/corrientesdetarde.com\/index.php\/wp-json\/wp\/v2\/categories?post=130261"},{"taxonomy":"post_tag","embeddable":true,"href":"https:\/\/corrientesdetarde.com\/index.php\/wp-json\/wp\/v2\/tags?post=130261"}],"curies":[{"name":"wp","href":"https:\/\/api.w.org\/{rel}","templated":true}]}}