{"id":13029,"date":"2022-10-20T15:47:33","date_gmt":"2022-10-20T18:47:33","guid":{"rendered":"https:\/\/corrientesdetarde.com\/?p=13029"},"modified":"2022-10-20T15:47:36","modified_gmt":"2022-10-20T18:47:36","slug":"fardin-espera-que-la-justicia-este-a-la-altura-de-todo-el-proceso-que-recorrimos","status":"publish","type":"post","link":"https:\/\/corrientesdetarde.com\/index.php\/crimen-y-justicia\/fardin-espera-que-la-justicia-este-a-la-altura-de-todo-el-proceso-que-recorrimos\/","title":{"rendered":"Fardin espera &#8220;que la Justicia est\u00e9 a la altura de todo el proceso que recorrimos&#8221;"},"content":{"rendered":"\n<p><a href=\"javascript:void(0);\"><\/a>Acompa\u00f1ada por representantes de Amnist\u00eda Internacional (AI) y Actrices Argentinas, la actriz asegur\u00f3 que su deseo es que &#8220;la Justicia no s\u00f3lo d\u00e9 el ejemplo con mi caso, sino que tambi\u00e9n d\u00e9 respuesta a todas las personas que denunciaron a partir de este caso&#8221;.\u00a0<\/p>\n\n\n\n<p>Thelma Fardin dijo que espera &#8220;que la Justicia est\u00e9 a la altura del proceso que recorrimos&#8221;, ante la sede de la Unidad Fiscal Especializada en Violencia contra las Mujeres (UFEM), donde se realiza una movilizaci\u00f3n a la espera de las declaraciones de Juan Darth\u00e9s en Brasil por el juicio que se le sigue en ese pa\u00eds por el presunto abuso sexual a la actriz<\/p>\n\n\n\n<p>&#8220;Cost\u00f3 mucho llegar hasta ac\u00e1, y llego con la expectativa de que la justicia est\u00e9 a la altura del proceso que recorrimos&#8221;, afirm\u00f3 Fardin acompa\u00f1ada por representantes de Amnist\u00eda Internacional (AI) y Actrices Argentinas.<\/p>\n\n\n\n<p>El abogado de Darth\u00e9s en Brasil, Luis Antonio Nazaret, ratific\u00f3 que su defendido&nbsp;<strong>&#8220;va a declarar hoy en la audiencia, no tiene ninguna intenci\u00f3n de negarse&#8221;<\/strong>, en una ronda judicial que se llevar\u00e1 a cabo despu\u00e9s de varios intentos dilatorios por parte de la defensa del actor, que incluy\u00f3 un planteo para que la causa pase a la Justicia ordinaria y todo el proceso judicial comience de cero.<\/p>\n\n\n\n<p>En declaraciones a la prensa, Fardin asever\u00f3 que est\u00e1n<strong>&nbsp;&#8220;tratando de sentar una jurisprudencia, no s\u00f3lo en este caso sino en todos los casos de todas las personas que se atreven a denunciar violencia sexual con lo revictimizante y lo violento que es atravesar el proceso de Justicia&#8221;.<\/strong><\/p>\n","protected":false},"excerpt":{"rendered":"<p>Acompa\u00f1ada por representantes de Amnist\u00eda Internacional (AI) y Actrices Argentinas, la actriz asegur\u00f3 que su deseo es que &#8220;la Justicia no s\u00f3lo d\u00e9 el ejemplo con mi caso, sino que&hellip; <\/p>\n","protected":false},"author":8,"featured_media":13030,"comment_status":"closed","ping_status":"open","sticky":false,"template":"","format":"standard","meta":{"footnotes":""},"categories":[5],"tags":[],"class_list":["post-13029","post","type-post","status-publish","format-standard","has-post-thumbnail","hentry","category-crimen-y-justicia"],"_links":{"self":[{"href":"https:\/\/corrientesdetarde.com\/index.php\/wp-json\/wp\/v2\/posts\/13029","targetHints":{"allow":["GET"]}}],"collection":[{"href":"https:\/\/corrientesdetarde.com\/index.php\/wp-json\/wp\/v2\/posts"}],"about":[{"href":"https:\/\/corrientesdetarde.com\/index.php\/wp-json\/wp\/v2\/types\/post"}],"author":[{"embeddable":true,"href":"https:\/\/corrientesdetarde.com\/index.php\/wp-json\/wp\/v2\/users\/8"}],"replies":[{"embeddable":true,"href":"https:\/\/corrientesdetarde.com\/index.php\/wp-json\/wp\/v2\/comments?post=13029"}],"version-history":[{"count":1,"href":"https:\/\/corrientesdetarde.com\/index.php\/wp-json\/wp\/v2\/posts\/13029\/revisions"}],"predecessor-version":[{"id":13031,"href":"https:\/\/corrientesdetarde.com\/index.php\/wp-json\/wp\/v2\/posts\/13029\/revisions\/13031"}],"wp:featuredmedia":[{"embeddable":true,"href":"https:\/\/corrientesdetarde.com\/index.php\/wp-json\/wp\/v2\/media\/13030"}],"wp:attachment":[{"href":"https:\/\/corrientesdetarde.com\/index.php\/wp-json\/wp\/v2\/media?parent=13029"}],"wp:term":[{"taxonomy":"category","embeddable":true,"href":"https:\/\/corrientesdetarde.com\/index.php\/wp-json\/wp\/v2\/categories?post=13029"},{"taxonomy":"post_tag","embeddable":true,"href":"https:\/\/corrientesdetarde.com\/index.php\/wp-json\/wp\/v2\/tags?post=13029"}],"curies":[{"name":"wp","href":"https:\/\/api.w.org\/{rel}","templated":true}]}}