{"id":130617,"date":"2024-03-06T14:46:17","date_gmt":"2024-03-06T17:46:17","guid":{"rendered":"https:\/\/corrientesdetarde.com\/?p=130617"},"modified":"2024-03-06T14:46:28","modified_gmt":"2024-03-06T17:46:28","slug":"el-pj-desplaza-a-alberto-fernandez-de-la-jefatura-del-partido-y-convoca-a-un-congreso-para-el-22-de-marzo","status":"publish","type":"post","link":"https:\/\/corrientesdetarde.com\/index.php\/nacionales\/el-pj-desplaza-a-alberto-fernandez-de-la-jefatura-del-partido-y-convoca-a-un-congreso-para-el-22-de-marzo\/","title":{"rendered":"El PJ desplaza a Alberto Fern\u00e1ndez de la jefatura del partido y convoca a un congreso para el 22 de marzo"},"content":{"rendered":"\n<p>El exmandatario pidi\u00f3 licencia como titular del Consejo Nacional del partido en pleno esc\u00e1ndalo por las irregularidades en la contrataci\u00f3n de seguros de Anses por las que est\u00e1 imputado.<\/p>\n\n\n\n<ul class=\"wp-block-list\">\n<li>El PJ desplaza a Alberto Fern\u00e1ndez de la jefatura del partido tras la derrota en el balotaje del 2023 y convoca a un congreso el 22 de marzo.<\/li>\n\n\n\n<li>El partido busca reorganizarse ante la presi\u00f3n de dirigentes para un recambio en la c\u00fapula y anuncia una convocatoria amplia para tratar su reestructuraci\u00f3n.<\/li>\n\n\n\n<li>Los cambios llegan en medio del esc\u00e1ndalo por irregularidades en la contrataci\u00f3n de seguros en Anses, donde Alberto Fern\u00e1ndez est\u00e1 imputado, generando tensiones en el partido.<\/li>\n<\/ul>\n\n\n\n<p>El PJ\u00a0<strong>desplaza\u00a0<\/strong>al expresidente Alberto Fern\u00e1ndez\u00a0de la jefatura del partido y convoca a un congreso para el<strong>\u00a022 de marzo,<\/strong>\u00a0para reorganizarse tras el cimbronazo por la derrota del kirchnerismo en el balotaje del 2023. El exmandatario pidi\u00f3 licencia como titular del Consejo Nacional del espacio en medio del fuerte esc\u00e1ndalo por las irregularidades en la\u00a0 contrataci\u00f3n de seguros de Anses por  las que est\u00e1 imputado.<\/p>\n\n\n\n<p>Tras el pedido de licencia del exmandatario, que se traduce en una \u201csalida elegante\u201d de Alberto Fern\u00e1ndez al frente del partido, el PJ puso en marcha los mecanismos institucionales para\u00a0<strong>reorganizarse\u00a0<\/strong>tras la dura derrota en 2023 de<strong>\u00a0Sergio Massa<\/strong>\u00a0ante\u00a0<strong>Javier Milei.<\/strong><\/p>\n\n\n\n<p>El PJ anunci\u00f3 en la convocatoria: \u201cEn el marco de un escenario de gravedad social e institucional que atraviesa nuestro pa\u00eds como consecuencia de las pol\u00edticas de ajuste ejercidas por el actual gobierno, el Presidente del Congreso Nacional del Partido Justicialista, compa\u00f1ero\u00a0Gildo Insfr\u00e1n,\u00a0 convocar\u00e1 para el pr\u00f3ximo 22 de marzo del corriente a\u00f1o a una sesi\u00f3n ordinaria del \u00f3rgano partidario\u201d.<\/p>\n\n\n\n<figure class=\"wp-block-image\"><img decoding=\"async\" src=\"https:\/\/tn.com.ar\/resizer\/ioZE8w3bIplMZJYVC-SkwVo6po0=\/767x0\/smart\/filters:format(webp)\/cloudfront-us-east-1.images.arcpublishing.com\/artear\/OOR757WJXFDP3GTUSQ4BWAY2FA.jfif\" alt=\"El comunicado del PJ de convocatoria a un congreso tras el pedido de licencia de Alberto Fern\u00e1ndez al frente del partido (Foto: captura X @p_justicialista).\"\/><\/figure>\n\n\n\n<p>El partido mencion\u00f3 en un comunicado: \u201cDentro del temario del Congreso se encuentra una convocatoria amplia a todos los sectores: trabajadores, gremiales, feministas, juventudes, productivos, sociales y todos aquellos y aquellas que se sienten parte del movimiento nacional y popular, a los fines de&nbsp;<strong>tratar su reorganizaci\u00f3n\u201d<\/strong>.<\/p>\n\n\n\n<p>El 22 de marzo el PJ \u201csometer\u00e1 a consideraci\u00f3n la conformaci\u00f3n de una comisi\u00f3n de acci\u00f3n pol\u00edtica, tratar la solicitud de licencia presentada por el compa\u00f1ero presidente del Consejo Nacional del Partido y asuntos administrativos de rigor\u201d.<\/p>\n\n\n\n<h2 class=\"wp-block-heading\">La presi\u00f3n de dirigentes del PJ de todo el pa\u00eds para un recambio de la c\u00fapula del partido<\/h2>\n\n\n\n<p>La semana pasada la\u00a0Red Federal Peronista,  una corriente que agrupa diputados nacionales y provinciales, funcionarios, concejales, dirigentes pol\u00edticos y del sector privado de todo el pa\u00eds, hizo una fuerte\u00a0<strong>presi\u00f3n\u00a0<\/strong>para un recambio de la c\u00fapula del partido actualmente encabezado por Alberto Fern\u00e1ndez. Categ\u00f3ricos, reclamaron en un comunicado: \u201cQuienes nos condujeron derrota tras derrota\u00a0<strong>deben dar un paso al costado\u201d<\/strong>.<\/p>\n\n\n\n<p>Desde la agrupaci\u00f3n peronista exigieron \u201cun tiempo de&nbsp;<strong>renovaci\u00f3n profunda<\/strong>&nbsp;para que el Peronismo vuelva a su esencia\u201d: \u201cLa sociedad ha dado un veredicto contundente y el partido necesita hoy m\u00e1s que nunca de autoridades que revaliden sus conducciones a trav\u00e9s de<strong>&nbsp;elecciones internas, limpias y democr\u00e1ticas<\/strong>&nbsp;para que los militantes vuelvan a elegir y conducir los destinos del partido\u201d.<\/p>\n\n\n\n<h2 class=\"wp-block-heading\">La imputaci\u00f3n a Alberto Fern\u00e1ndez por el esc\u00e1ndalo de la contrataci\u00f3n de seguros en la Anses<\/h2>\n\n\n\n<p>Los cambios que el PJ impulsa en la jefatura partidaria llegan en momentos de escalada del&nbsp;<strong>esc\u00e1ndalo&nbsp;<\/strong>de los seguros en la Anses, por los que est\u00e1n imputados<a href=\"https:\/\/tn.com.ar\/politica\/2024\/03\/04\/el-gobierno-denuncio-a-las-autoridades-de-anses-de-la-gestion-de-alberto-fernandez-por-el-caso-de-los-seguros\/\">&nbsp;<\/a>Alberto Fern\u00e1ndez,un exdirectivo del Fondo de Garant\u00edas de Sustentabilidad (FGS),&nbsp;<strong>Federico D\u2019Angelo Campos,<\/strong>&nbsp;y el extitular de Naci\u00f3n Seguros, Alberto Pagliano, entre otros.<\/p>\n\n\n\n<ul class=\"wp-block-list\">\n<li>La causa a cargo del juez Juli\u00e1n Ercolini y el fiscal Ramiro Gonz\u00e1lez es en torno a los seguros que se contrataban para dar cobertura a los jubilados que tomaban&nbsp;<strong>cr\u00e9ditos a trav\u00e9s del organismo.<\/strong><\/li>\n\n\n\n<li>Una de las imputaciones al expresidente es por la presunta\u00a0<strong>contrataci\u00f3n irregular<\/strong>\u00a0de los seguros del Banco Naci\u00f3n para la administraci\u00f3n p\u00fablica a trav\u00e9s de un gestor privado, H\u00e9ctor Mart\u00ednez Sosa,\u00a0<strong>marido\u00a0<\/strong>de una de sus secretarias, Mar\u00eda Cantero, y la otra es a partir de\u00a0una denuncia del Gobierno\u00a0  a trav\u00e9s del ministerio de Capital Humano.<\/li>\n<\/ul>\n","protected":false},"excerpt":{"rendered":"<p>El exmandatario pidi\u00f3 licencia como titular del Consejo Nacional del partido en pleno esc\u00e1ndalo por las irregularidades en la contrataci\u00f3n de seguros de Anses por las que est\u00e1 imputado. El&hellip; <\/p>\n","protected":false},"author":8,"featured_media":130618,"comment_status":"closed","ping_status":"open","sticky":false,"template":"","format":"standard","meta":{"footnotes":""},"categories":[10],"tags":[],"class_list":["post-130617","post","type-post","status-publish","format-standard","has-post-thumbnail","hentry","category-nacionales"],"_links":{"self":[{"href":"https:\/\/corrientesdetarde.com\/index.php\/wp-json\/wp\/v2\/posts\/130617","targetHints":{"allow":["GET"]}}],"collection":[{"href":"https:\/\/corrientesdetarde.com\/index.php\/wp-json\/wp\/v2\/posts"}],"about":[{"href":"https:\/\/corrientesdetarde.com\/index.php\/wp-json\/wp\/v2\/types\/post"}],"author":[{"embeddable":true,"href":"https:\/\/corrientesdetarde.com\/index.php\/wp-json\/wp\/v2\/users\/8"}],"replies":[{"embeddable":true,"href":"https:\/\/corrientesdetarde.com\/index.php\/wp-json\/wp\/v2\/comments?post=130617"}],"version-history":[{"count":1,"href":"https:\/\/corrientesdetarde.com\/index.php\/wp-json\/wp\/v2\/posts\/130617\/revisions"}],"predecessor-version":[{"id":130619,"href":"https:\/\/corrientesdetarde.com\/index.php\/wp-json\/wp\/v2\/posts\/130617\/revisions\/130619"}],"wp:featuredmedia":[{"embeddable":true,"href":"https:\/\/corrientesdetarde.com\/index.php\/wp-json\/wp\/v2\/media\/130618"}],"wp:attachment":[{"href":"https:\/\/corrientesdetarde.com\/index.php\/wp-json\/wp\/v2\/media?parent=130617"}],"wp:term":[{"taxonomy":"category","embeddable":true,"href":"https:\/\/corrientesdetarde.com\/index.php\/wp-json\/wp\/v2\/categories?post=130617"},{"taxonomy":"post_tag","embeddable":true,"href":"https:\/\/corrientesdetarde.com\/index.php\/wp-json\/wp\/v2\/tags?post=130617"}],"curies":[{"name":"wp","href":"https:\/\/api.w.org\/{rel}","templated":true}]}}