{"id":130621,"date":"2024-03-06T14:50:09","date_gmt":"2024-03-06T17:50:09","guid":{"rendered":"https:\/\/corrientesdetarde.com\/?p=130621"},"modified":"2024-03-06T14:50:13","modified_gmt":"2024-03-06T17:50:13","slug":"nik-fulmino-al-chiqui-tapia-y-a-la-casta-del-futbol-y-armo-polemica-en-las-redes-el-picante-retuit-de-milei","status":"publish","type":"post","link":"https:\/\/corrientesdetarde.com\/index.php\/deportes\/nik-fulmino-al-chiqui-tapia-y-a-la-casta-del-futbol-y-armo-polemica-en-las-redes-el-picante-retuit-de-milei\/","title":{"rendered":"Nik fulmin\u00f3 al Chiqui Tapia y a la \u201ccasta del f\u00fatbol\u201d y arm\u00f3 pol\u00e9mica en las redes: el picante retuit de Milei"},"content":{"rendered":"\n<p>El dibujante arremeti\u00f3 contra el m\u00e1ximo mandatario de la AFA, luego de las pol\u00e9micas arbitrales entre Barracas Central e Independiente. El Presidente de la Naci\u00f3n comparti\u00f3 su mensaje.<\/p>\n\n\n\n<p>La\u00a0pol\u00e9micas arbitrales del partido entre\u00a0Barracas Central\u00a0e\u00a0Independiente\u00a0por la fecha 9 de la\u00a0<strong>Copa de la Liga<\/strong>\u00a0tomaron dimensiones tan grandes que llegaron hasta\u00a0<strong>Javier Milei<\/strong>, quien tom\u00f3 clara postura sobre el tema y apunt\u00f3 contra\u00a0<strong>Claudio Tapia<\/strong>, m\u00e1ximo mandatario de la Asociaci\u00f3n del F\u00fatbol Argentino (AFA). El Presidente de la Naci\u00f3n comparti\u00f3 una publicaci\u00f3n de X (antes Twitter) del dibujante\u00a0<strong>Nik<\/strong>, quien destroz\u00f3 al Chiqui y apunt\u00f3 contra la \u201ccasta del f\u00fatbol argentino\u201d.<\/p>\n\n\n\n<p><strong>\u201c<\/strong>Finalmente lleg\u00f3 el d\u00eda. Les empezaron a perder el miedo. Son la casta del f\u00fatbol argentino, al que est\u00e1n destruyendo d\u00eda a d\u00eda\u201d, comienza el mensaje que redact\u00f3 Nik en su cuenta personal, en el que tambi\u00e9n  \u00a0resalt\u00f3 las reacciones de Carlos Tevez y el Kun Ag\u00fcero,quienes manifestaron su bronca tras el arbitraje de<strong>\u00a0Pablo D\u00f3valo<\/strong>\u00a0en el encuentro que tuvo como uno de los equipos protagonistas al Guapo, club que presidi\u00f3 Tapia hasta 2020, y\u00a0contra Pablo Toviggino, tesorero de la AFA.<\/p>\n\n\n\n<p>\u201cCarlos Tevez y el Kun Ag\u00fcero salieron a cruzar dur\u00edsimo a Chiqui Tapia y a su mano derecha Pablo Toviggino. Chiqui \u201cMafia\u201d y Pablo \u201cTobillera\u201d\u2026 \u00bfCu\u00e1ndo viene un \u201cauditor\u00eda\u201d seria sobre los negocios de la AFA? \u00bfY el VAR? \u00bfY LA CORRUPCI\u00d3N DE LOS \u00c1RBITROS? \u00bfY el impresentable de BELIGOY? \u00bfY los bienes de estos dos muchachos? \u00bfY los autos de colecci\u00f3n?\u201d, escribi\u00f3 el dibujante y arremeti\u00f3: \u201d\u00bfY los negociados de los \u201camistosos\u201d de la Selecci\u00f3n? Y las cuentas off shore? Y los testaferros?\u201d, continu\u00f3 el dibujante quien, al final del mensaje, resalt\u00f3: \u201cY la relaci\u00f3n con Sergio Massa??? HAY QUE LIMPIAR LA CORRUPCI\u00d3N DE LA POL\u00cdTICA, y tambi\u00e9n LA CORRUPCI\u00d3N DEL F\u00daTBOL ARGENTINO. AFUERAAAAAAAAAA!!!\u201d.<\/p>\n\n\n\n<figure class=\"wp-block-image\"><img decoding=\"async\" src=\"https:\/\/tn.com.ar\/resizer\/rO4vx1ccKF-3Lqc5RJWdBHUjaTY=\/767x0\/smart\/filters:format(webp)\/cloudfront-us-east-1.images.arcpublishing.com\/artear\/PXAWKLKUHFFXRMS2HDGLPOFE6E.jpeg\" alt=\"El presidente de la Naci\u00f3n comparti\u00f3 un tuit del dibujante Nik en el que apunta contra el Chiqui Tapia por las pol\u00e9micas del partido entre Independiente y Barracas Central. (Foto: captura X Javier Milei).\"\/><\/figure>\n\n\n\n<p><strong>Javier Milei<\/strong>, quien este mi\u00e9rcoles<strong>\u00a0inaugur\u00f3 el ciclo lectivo en la escuela Cardenal Copello<\/strong>,  \u00a0colegio de Villa Devoto en el que estudi\u00f3, le dio retuit a este mensaje del artista en su cuenta personal de X, donde suele mostrarse muy activo. De esta manera el m\u00e1ximo mandatario de la Argentina dej\u00f3 en claro su coincidencia con el pensamiento de Nik, cuyo mensaje caus\u00f3 revuelo en las redes sociales, donde tuvo mensajes de apoyo y tambi\u00e9n cr\u00edticas.<\/p>\n\n\n\n<h2 class=\"wp-block-heading\">El d\u00eda que Carlos Tevez apoy\u00f3 la gesti\u00f3n de Javier Milei<\/h2>\n\n\n\n<p>En el mes de enero el actual entrenador de Independiente fue consultado acerca de la gesti\u00f3n de Javier Milei y la situaci\u00f3n del pa\u00eds y no dud\u00f3 en manifestar su apoyo al m\u00e1ximo mandatario argentino. \u201cEs un momento muy dif\u00edcil.&nbsp;<strong>Yo creo que este es el camino para cambiar algo, tengo esperanzas en Milei. Hay que dar el batacazo para que algo cambie<\/strong>\u201d, dijo en charla con&nbsp;<em>S\u00faper Mitre Deportivo<\/em>&nbsp;y agreg\u00f3:&nbsp;<strong>\u201cNunca habl\u00e9 con Milei, no lo conozco, pero creo es cuando ten\u00e9s que dar un batacazo y ten\u00e9s que ser duro y fuerte para cambiar algo\u201d.<\/strong><\/p>\n","protected":false},"excerpt":{"rendered":"<p>El dibujante arremeti\u00f3 contra el m\u00e1ximo mandatario de la AFA, luego de las pol\u00e9micas arbitrales entre Barracas Central e Independiente. El Presidente de la Naci\u00f3n comparti\u00f3 su mensaje. La\u00a0pol\u00e9micas arbitrales&hellip; <\/p>\n","protected":false},"author":8,"featured_media":130622,"comment_status":"closed","ping_status":"open","sticky":false,"template":"","format":"standard","meta":{"footnotes":""},"categories":[4],"tags":[],"class_list":["post-130621","post","type-post","status-publish","format-standard","has-post-thumbnail","hentry","category-deportes"],"_links":{"self":[{"href":"https:\/\/corrientesdetarde.com\/index.php\/wp-json\/wp\/v2\/posts\/130621","targetHints":{"allow":["GET"]}}],"collection":[{"href":"https:\/\/corrientesdetarde.com\/index.php\/wp-json\/wp\/v2\/posts"}],"about":[{"href":"https:\/\/corrientesdetarde.com\/index.php\/wp-json\/wp\/v2\/types\/post"}],"author":[{"embeddable":true,"href":"https:\/\/corrientesdetarde.com\/index.php\/wp-json\/wp\/v2\/users\/8"}],"replies":[{"embeddable":true,"href":"https:\/\/corrientesdetarde.com\/index.php\/wp-json\/wp\/v2\/comments?post=130621"}],"version-history":[{"count":1,"href":"https:\/\/corrientesdetarde.com\/index.php\/wp-json\/wp\/v2\/posts\/130621\/revisions"}],"predecessor-version":[{"id":130623,"href":"https:\/\/corrientesdetarde.com\/index.php\/wp-json\/wp\/v2\/posts\/130621\/revisions\/130623"}],"wp:featuredmedia":[{"embeddable":true,"href":"https:\/\/corrientesdetarde.com\/index.php\/wp-json\/wp\/v2\/media\/130622"}],"wp:attachment":[{"href":"https:\/\/corrientesdetarde.com\/index.php\/wp-json\/wp\/v2\/media?parent=130621"}],"wp:term":[{"taxonomy":"category","embeddable":true,"href":"https:\/\/corrientesdetarde.com\/index.php\/wp-json\/wp\/v2\/categories?post=130621"},{"taxonomy":"post_tag","embeddable":true,"href":"https:\/\/corrientesdetarde.com\/index.php\/wp-json\/wp\/v2\/tags?post=130621"}],"curies":[{"name":"wp","href":"https:\/\/api.w.org\/{rel}","templated":true}]}}