{"id":130628,"date":"2024-03-06T14:59:39","date_gmt":"2024-03-06T17:59:39","guid":{"rendered":"https:\/\/corrientesdetarde.com\/?p=130628"},"modified":"2024-03-06T15:00:12","modified_gmt":"2024-03-06T18:00:12","slug":"dos-tutoras-se-pelearon-a-salida-de-un-colegio-y-una-menor-termino-apunalada","status":"publish","type":"post","link":"https:\/\/corrientesdetarde.com\/index.php\/interior\/dos-tutoras-se-pelearon-a-salida-de-un-colegio-y-una-menor-termino-apunalada\/","title":{"rendered":"Dos tutoras se pelearon a salida de un colegio y una menor termino apu\u00f1alada"},"content":{"rendered":"\n<p>Dos mujeres se trenzaron en una feroz pelea a la salida de una escuela en la zona norte de Goya. El hecho ocurri\u00f3 en horas de la tarde de este martes. Por problemas de larga data, las dos se\u00f1oras comenzaron a discutir, y una de ellas le peg\u00f3 un cachetazo a la otra. La agredida, sac\u00f3 un cuchillo y asest\u00f3 una pu\u00f1alada en la espalda a la hija de su contrincante que permanece internada en el hospital<br><\/p>\n\n\n\n<p>El hecho ocurri\u00f3 a la salida de la escuela Primaria 463 \u201cProvincia de La Pampa\u201d, turno tarde, minutos antes de las 18 horas donde varias mujeres pelearon, resultando una de ellas con una herida cortante en la espalda, producto de un elemento punzante.<br><br>Seg\u00fan se pudo saber, a trav\u00e9s del trabajo policial este problema entre ellas viene de hace un tiempo atr\u00e1s. Esta escuela est\u00e1 ubicada al lado de la comisar\u00eda Segunda; a cargo del Comisario Mat\u00edas Castillo, personal de la misma se hizo presente de inmediato al tomar conocimiento de lo sucedido, donde se observa que al menos 4 mujeres estaban peleando y que una de ellas hab\u00eda sido lesionada en la espalda con un objeto cortante. El elemento secuestrado es un cuchillo, con cabo de madera y hasta, de aproximadamente 15 cm de hoja.-<br><br>Es as\u00ed que se acuerdo a la manifestaci\u00f3n de las maestras que estaban en el lugar y que vieron todo el suceso, comentan que la Sra. Ibarra comenz\u00f3 a discutir con la Sra. Alaria, la discusi\u00f3n fue subiendo de tono y comenzaron con las agresiones f\u00edsicas, para en un momento determinado, IBARROLA utiliz\u00f3 un arreador en la agresi\u00f3n y posteriormente sac\u00f3 de su cartera un cuchillo con el cual atac\u00f3 a la menor.<br><br>Ante ello se procedi\u00f3 a la aprehensi\u00f3n de la ciudadana IBARROLA y al traslado de la menor A. C. hasta el Hospital Regional &#8220;Dr. Camilo Muniagurria&#8221;, ante la urgencia del caso.<br><br>Comunicado con el Fiscal en turno, \u00e9ste orden\u00f3 el inicio de actuaciones por lesiones con arma blanca en flagrancia.<br><br>Este hecho est\u00e1 a cargo de la Unidad Fiscal de Investigaciones Complejas Goya Dr. Juan Carlos Castillo.<\/p>\n\n\n\n<figure class=\"wp-block-image size-full\"><img loading=\"lazy\" decoding=\"async\" width=\"700\" height=\"673\" src=\"https:\/\/corrientesdetarde.com\/wp-content\/uploads\/2024\/03\/image-110.png\" alt=\"\" class=\"wp-image-130629\" srcset=\"https:\/\/corrientesdetarde.com\/wp-content\/uploads\/2024\/03\/image-110.png 700w, https:\/\/corrientesdetarde.com\/wp-content\/uploads\/2024\/03\/image-110-300x288.png 300w\" sizes=\"auto, (max-width: 700px) 100vw, 700px\" \/><\/figure>\n","protected":false},"excerpt":{"rendered":"<p>Dos mujeres se trenzaron en una feroz pelea a la salida de una escuela en la zona norte de Goya. El hecho ocurri\u00f3 en horas de la tarde de este&hellip; <\/p>\n","protected":false},"author":8,"featured_media":130630,"comment_status":"closed","ping_status":"open","sticky":false,"template":"","format":"standard","meta":{"footnotes":""},"categories":[1658],"tags":[],"class_list":["post-130628","post","type-post","status-publish","format-standard","has-post-thumbnail","hentry","category-interior"],"_links":{"self":[{"href":"https:\/\/corrientesdetarde.com\/index.php\/wp-json\/wp\/v2\/posts\/130628","targetHints":{"allow":["GET"]}}],"collection":[{"href":"https:\/\/corrientesdetarde.com\/index.php\/wp-json\/wp\/v2\/posts"}],"about":[{"href":"https:\/\/corrientesdetarde.com\/index.php\/wp-json\/wp\/v2\/types\/post"}],"author":[{"embeddable":true,"href":"https:\/\/corrientesdetarde.com\/index.php\/wp-json\/wp\/v2\/users\/8"}],"replies":[{"embeddable":true,"href":"https:\/\/corrientesdetarde.com\/index.php\/wp-json\/wp\/v2\/comments?post=130628"}],"version-history":[{"count":1,"href":"https:\/\/corrientesdetarde.com\/index.php\/wp-json\/wp\/v2\/posts\/130628\/revisions"}],"predecessor-version":[{"id":130631,"href":"https:\/\/corrientesdetarde.com\/index.php\/wp-json\/wp\/v2\/posts\/130628\/revisions\/130631"}],"wp:featuredmedia":[{"embeddable":true,"href":"https:\/\/corrientesdetarde.com\/index.php\/wp-json\/wp\/v2\/media\/130630"}],"wp:attachment":[{"href":"https:\/\/corrientesdetarde.com\/index.php\/wp-json\/wp\/v2\/media?parent=130628"}],"wp:term":[{"taxonomy":"category","embeddable":true,"href":"https:\/\/corrientesdetarde.com\/index.php\/wp-json\/wp\/v2\/categories?post=130628"},{"taxonomy":"post_tag","embeddable":true,"href":"https:\/\/corrientesdetarde.com\/index.php\/wp-json\/wp\/v2\/tags?post=130628"}],"curies":[{"name":"wp","href":"https:\/\/api.w.org\/{rel}","templated":true}]}}