{"id":130632,"date":"2024-03-06T15:17:25","date_gmt":"2024-03-06T18:17:25","guid":{"rendered":"https:\/\/corrientesdetarde.com\/?p=130632"},"modified":"2024-03-06T15:17:29","modified_gmt":"2024-03-06T18:17:29","slug":"milei-preve-un-otono-critico-y-le-pidio-a-su-gabinete-enfocarse-en-contener-la-conflictividad-social","status":"publish","type":"post","link":"https:\/\/corrientesdetarde.com\/index.php\/nacionales\/milei-preve-un-otono-critico-y-le-pidio-a-su-gabinete-enfocarse-en-contener-la-conflictividad-social\/","title":{"rendered":"Milei prev\u00e9 un oto\u00f1o cr\u00edtico y le pidi\u00f3 a su Gabinete enfocarse en contener la conflictividad social"},"content":{"rendered":"\n<p>El presidente reconoce que se viene una etapa compleja en materia econ\u00f3mica y por eso le hizo un especial pedido a los ministros que conforman su gabinete de cara a los pr\u00f3ximos meses. \u201cCierren filas que entramos en turbulencias\u201d, fue la orden que dio.<\/p>\n\n\n\n<p>El Presidente \u00a0Javier Milei\u00a0  contempla la posibilidad de que\u00a0<strong>el pr\u00f3ximo oto\u00f1o sea muy conflictivo\u00a0<\/strong>por varios factores econ\u00f3micos. El primero tiene que ver con la inflaci\u00f3n. Pese a que haya cedido, luego de un fogonazo del 25%, el \u00cdndice de Precios al Consumidor (IPC) est\u00e1 en niveles muy altos. Los salarios contin\u00faan en ca\u00edda, las ventas corren el mismo camino y los precios siguen aumentando.<\/p>\n\n\n\n<p>Desde el Gobierno temen que muchas empresas que lograron mantener su personal hasta ahora no puedan sostenerse. Por eso esperan que en las pr\u00f3ximas semanas comiencen las\u00a0<strong>suspensiones, la reducci\u00f3n de horas extras o hasta algunos despidos.<\/strong><\/p>\n\n\n\n<p>Todo este c\u00f3ctel aumentar\u00eda la\u00a0<strong>conflictividad social,<\/strong>\u00a0mientras\u00a0Luis Caputo , enfoca en lograr un acuerdo con los gobernadores para aprobar la<strong>\u00a0ley \u00d3mnibus\u00a0<\/strong>a libro cerrado. Tambi\u00e9n esperan que el DNU no sea rechazado en el Congreso y, luego, firmar el\u00a0<strong>Pacto de Mayo.<\/strong><\/p>\n\n\n\n<p>Con todos esos conflictos en la mira,&nbsp;<strong>Javier Milei&nbsp;<\/strong>insiste en que<strong>&nbsp;el Gabinete debe mostrarse lo m\u00e1s unido posible<\/strong>&nbsp;y no generar problemas internos que se puedan sumar a una situaci\u00f3n conflictiva. El Presidente no quiere fugas en los pr\u00f3ximos meses.<\/p>\n\n\n\n<figure class=\"wp-block-image\"><img decoding=\"async\" src=\"https:\/\/tn.com.ar\/resizer\/ghd3qhyXh84FvHXpVtMyFvHEC2k=\/767x0\/smart\/filters:format(webp)\/cloudfront-us-east-1.images.arcpublishing.com\/artear\/IUEKG7EETVCCDJY34ORYCOKD4A.jpeg\" alt=\"El presidente, Javier Milei, en una reuni\u00f3n con gobernadores en Casa Rosada (Foto: NA).\"\/><\/figure>\n\n\n\n<p>Milei pretende que no se vuelvan a repetir las peleas p\u00fablicas que hubo entre funcionarios del Gabinete, como la que mantuvo la ministra de Capital Humano,&nbsp;<strong>Sandra Pettovello<\/strong>, con uno de los ministros m\u00e1s importantes: el jefe de Gabinete,&nbsp;<strong>Nicol\u00e1s Posse.<\/strong><\/p>\n\n\n\n<p>El jefe de Estado mantiene una gran relaci\u00f3n con Pettovello \u2014son amigos personales\u2014 y teme por las diferencias que la ministra tiene con Posse. Si bien le bajaron el tono y desmintieron los enfrentamientos fuertes que hubo entre ambos funcionarios, lo cierto es que&nbsp;<strong>los roces existieron y los problemas contin\u00faan.<\/strong><\/p>\n\n\n\n<p>Tambi\u00e9n hay cortocircuitos con \u00a0Luis Caputo ministro de Econom\u00eda. Los problemas con el titular del Palacio de Hacienda no solo vienen desde Capital Humano, otros ministros tambi\u00e9n se ven afectados por los continuos ajustes que realiza.<\/p>\n\n\n\n<p><strong>\u201cConcentrados con la reuni\u00f3n con los gobernadores\u201d,&nbsp;<\/strong>pidi\u00f3 Milei de cara a la primera reuni\u00f3n que se realizar\u00e1 el pr\u00f3ximo viernes en la Casa Rosada. En el encuentro no estar\u00e1n todos los jefes provinciales, como se preve\u00eda en un primer momento.<\/p>\n\n\n\n<p>El Gobierno tem\u00eda que al llamar a los 23 gobernadores y al jefe de Gobierno de la Ciudad de Buenos Aires,<strong>&nbsp;Jorge Macri,<\/strong>&nbsp;solo se presente en la Casa Rosada la mitad de los funcionarios. Axel Kicillof, gobernador bonaerense, ya hab\u00eda advertido que no iba a concurrir.<\/p>\n\n\n\n<p>Es por eso que los ministros -a cargo de la negociaci\u00f3n con las provincias-&nbsp;<strong>comenzar\u00e1n el debate con los gobernadores<\/strong>&nbsp;que se mostraron dispuestos a discutir y que hab\u00edan confirmado su presencia anteriormente.<\/p>\n","protected":false},"excerpt":{"rendered":"<p>El presidente reconoce que se viene una etapa compleja en materia econ\u00f3mica y por eso le hizo un especial pedido a los ministros que conforman su gabinete de cara a&hellip; <\/p>\n","protected":false},"author":8,"featured_media":130633,"comment_status":"closed","ping_status":"open","sticky":false,"template":"","format":"standard","meta":{"footnotes":""},"categories":[10],"tags":[],"class_list":["post-130632","post","type-post","status-publish","format-standard","has-post-thumbnail","hentry","category-nacionales"],"_links":{"self":[{"href":"https:\/\/corrientesdetarde.com\/index.php\/wp-json\/wp\/v2\/posts\/130632","targetHints":{"allow":["GET"]}}],"collection":[{"href":"https:\/\/corrientesdetarde.com\/index.php\/wp-json\/wp\/v2\/posts"}],"about":[{"href":"https:\/\/corrientesdetarde.com\/index.php\/wp-json\/wp\/v2\/types\/post"}],"author":[{"embeddable":true,"href":"https:\/\/corrientesdetarde.com\/index.php\/wp-json\/wp\/v2\/users\/8"}],"replies":[{"embeddable":true,"href":"https:\/\/corrientesdetarde.com\/index.php\/wp-json\/wp\/v2\/comments?post=130632"}],"version-history":[{"count":1,"href":"https:\/\/corrientesdetarde.com\/index.php\/wp-json\/wp\/v2\/posts\/130632\/revisions"}],"predecessor-version":[{"id":130634,"href":"https:\/\/corrientesdetarde.com\/index.php\/wp-json\/wp\/v2\/posts\/130632\/revisions\/130634"}],"wp:featuredmedia":[{"embeddable":true,"href":"https:\/\/corrientesdetarde.com\/index.php\/wp-json\/wp\/v2\/media\/130633"}],"wp:attachment":[{"href":"https:\/\/corrientesdetarde.com\/index.php\/wp-json\/wp\/v2\/media?parent=130632"}],"wp:term":[{"taxonomy":"category","embeddable":true,"href":"https:\/\/corrientesdetarde.com\/index.php\/wp-json\/wp\/v2\/categories?post=130632"},{"taxonomy":"post_tag","embeddable":true,"href":"https:\/\/corrientesdetarde.com\/index.php\/wp-json\/wp\/v2\/tags?post=130632"}],"curies":[{"name":"wp","href":"https:\/\/api.w.org\/{rel}","templated":true}]}}