{"id":130635,"date":"2024-03-06T15:21:03","date_gmt":"2024-03-06T18:21:03","guid":{"rendered":"https:\/\/corrientesdetarde.com\/?p=130635"},"modified":"2024-03-06T15:21:16","modified_gmt":"2024-03-06T18:21:16","slug":"el-dolar-blue-perforo-los-1000-las-razones-de-la-baja-y-que-puede-pasar-en-los-proximos-meses","status":"publish","type":"post","link":"https:\/\/corrientesdetarde.com\/index.php\/economia\/el-dolar-blue-perforo-los-1000-las-razones-de-la-baja-y-que-puede-pasar-en-los-proximos-meses\/","title":{"rendered":"El d\u00f3lar blue perfor\u00f3 los $1000: las razones de la baja y qu\u00e9 puede pasar en los pr\u00f3ximos meses"},"content":{"rendered":"\n<p>La divisa paralela profundiz\u00f3 la ca\u00edda este mi\u00e9rcoles, marca su valor m\u00e1s bajo desde mediados de diciembre y anota una brecha cambiaria del 17,02% con el tipo de cambio mayorista.<\/p>\n\n\n\n<p>  El\u00a0d\u00f3lar blue\u00a0perfor\u00f3 la barrera de los\u00a0<strong>$1000<\/strong>\u00a0este mi\u00e9rcoles 6 de marzo<strong>\u00a0por primera vez en el a\u00f1o<\/strong>, al perder $20. La divisa paralela toc\u00f3 el precio m\u00e1s bajo desde el 21 de diciembre del 2023, cuando oper\u00f3 a\u00a0<strong>$990\u00a0<\/strong>en la punta vendedora. En esa l\u00ednea, los financieros tambi\u00e9n retrocedieron: el\u00a0<strong>d\u00f3lar MEP\u00a0<\/strong>se negocia por debajo de los $1000 y el\u00a0<strong>contado con liquidaci\u00f3n (CCL)<\/strong>\u00a0opera a menos de a $1030.<\/p>\n\n\n\n<p>De esta manera, la divisa paralela anota una brecha cambiaria del&nbsp;<strong>17,02%<\/strong>&nbsp;con el tipo de cambio mayorista. Mientras que el&nbsp;<strong>d\u00f3lar oficial&nbsp;<\/strong>se vende a $864,50 de acuerdo a las pizarras del Banco Naci\u00f3n.<\/p>\n\n\n\n<p>Para determinar cu\u00e1l ser\u00e1 la din\u00e1mica cambiaria en el tercer mes del a\u00f1o, los analistas apuntan que habr\u00e1 que monitorear diferentes cuestiones. Entre las que se encuentran las exportaciones y del otro lado de la ecuaci\u00f3n, el\u00a0<strong>plan de ajuste fiscal que propone el gobierno de\u00a0<\/strong>Javier Milei.<\/p>\n\n\n\n<h2 class=\"wp-block-heading\">Por qu\u00e9 baja el d\u00f3lar, seg\u00fan los analistas<\/h2>\n\n\n\n<p>El&nbsp;<strong>d\u00f3lar blue<\/strong>&nbsp;es un mercado muy chico e informal, que se mueve por expectativas y<strong>&nbsp;toma como referencia la din\u00e1mica del tipo de cambio financiero<\/strong>. Por esa raz\u00f3n, los analistas suelen se\u00f1alar los motivos que influyen sobre el precio del d\u00f3lar burs\u00e1til como razones que tambi\u00e9n impactan en el segmento paralelo.<\/p>\n\n\n\n<p>En ese sentido, el primer factor que mencionan es la estacionalidad de las exportaciones, que empieza a mejorar. El&nbsp;<strong>20%&nbsp;<\/strong>de las&nbsp;<strong>divisas&nbsp;<\/strong>que ingresan los exportadores al pa\u00eds por la cosecha, se liquida al CCL. De esta manera, el Banco Central (BCRA) aprovecha para&nbsp;<strong>comprar reservas.<\/strong>&nbsp;As\u00ed, la mayor disponibilidad de divisas presiona a la baja sobre el precio del d\u00f3lar financiero.<\/p>\n\n\n\n<figure class=\"wp-block-image\"><img decoding=\"async\" src=\"https:\/\/tn.com.ar\/resizer\/dga2QXtZD7mk-oV27p19OemkTKU=\/767x0\/smart\/filters:format(webp)\/cloudfront-us-east-1.images.arcpublishing.com\/artear\/C6JDREJVXJFN5F35TLCBYOOKOM.jpg\" alt=\"El d\u00f3lar blue perfor\u00f3 los $1000: las razones de la baja  (Foto: Adobe Stock)\"\/><\/figure>\n\n\n\n<p>En esa l\u00ednea,\u00a0<strong>Mat\u00edas De Luca<\/strong>, economista de\u00a0<em>Empiria\u00a0<\/em>le indic\u00f3 <strong>\u00a0<\/strong>que otro de los\u00a0factores que presiona la cotizaci\u00f3n a la baja\u00a0  en lo que va de marzo fue la\u00a0<strong>colocaci\u00f3n del bono en d\u00f3lares<\/strong>\u00a0a los importadores con deuda comercial, que descomprimi\u00f3 la demanda de d\u00f3lar financiero por parte de las empresas.<\/p>\n\n\n\n<p>Otra de las razones es que la&nbsp;<strong>recesi\u00f3n econ\u00f3mica<\/strong>&nbsp;<strong>reducir\u00e1 la demanda de importaciones<\/strong>&nbsp;y as\u00ed como tambi\u00e9n las compras de&nbsp;<strong>d\u00f3lares para atesoramiento<\/strong>. Esto afecta tanto al d\u00f3lar oficial -que mantiene el ritmo de devaluaci\u00f3n establecido por el Gobierno- como a los paralelos.<\/p>\n\n\n\n<p>Finalmente, esta semana<strong>\u00a0el llamado de Javier Milei al di\u00e1logo con los gobernadores<\/strong>\u00a0descomprimi\u00f3 tensiones pol\u00edticas y  \u00a0alivi\u00f3 las expectativas de devaluaci\u00f3n.<\/p>\n\n\n\n<h2 class=\"wp-block-heading\">Qu\u00e9 puede pasar con la cotizaci\u00f3n del d\u00f3lar durante marzo<\/h2>\n\n\n\n<p>En el mercado cambiario, la calma nunca est\u00e1 asegurada. Por lo tanto, tambi\u00e9n existen factores que pueden volver a elevar la cotizaci\u00f3n de la divisa. Entre ellos, los analistas mencionaron:<\/p>\n\n\n\n<ul class=\"wp-block-list\">\n<li><strong>Plan de ajuste fiscal del Gobierno<\/strong>: si se generan \u201cdudas\u201d sobre su aplicaci\u00f3n o sus resultados, pueden llevar a una mayor b\u00fasqueda de cobertura para protegerse de la inflaci\u00f3n.<\/li>\n\n\n\n<li><strong>Dolarizaci\u00f3n<\/strong>: El presidente Javier Milei y su equipo econ\u00f3mico ratificaron la libre competencia de monedas, aunque a\u00fan deben cumplirse algunas cuestiones financieras con respecto al balance del BCRA. Cualquier declaraci\u00f3n que vaya en l\u00ednea con la aceleraci\u00f3n de esos procesos, generar\u00e1 mayor demanda de divisas y har\u00e1 subir el precio.<\/li>\n\n\n\n<li><strong>Precio del d\u00f3lar financiero en m\u00ednimos reales<\/strong>: el valor actual de los financieros no se ve\u00eda desde finales de 2019 y&nbsp;<strong>podr\u00eda corregirse al alza&nbsp;<\/strong>ante datos de&nbsp;<strong>inflaci\u00f3n&nbsp;<\/strong>que contin\u00faan en las dos cifras y tasas de inter\u00e9s en pesos que no le ganan la carrera a los precios.<\/li>\n<\/ul>\n","protected":false},"excerpt":{"rendered":"<p>La divisa paralela profundiz\u00f3 la ca\u00edda este mi\u00e9rcoles, marca su valor m\u00e1s bajo desde mediados de diciembre y anota una brecha cambiaria del 17,02% con el tipo de cambio mayorista.&hellip; <\/p>\n","protected":false},"author":8,"featured_media":130636,"comment_status":"closed","ping_status":"open","sticky":false,"template":"","format":"standard","meta":{"footnotes":""},"categories":[20],"tags":[],"class_list":["post-130635","post","type-post","status-publish","format-standard","has-post-thumbnail","hentry","category-economia"],"_links":{"self":[{"href":"https:\/\/corrientesdetarde.com\/index.php\/wp-json\/wp\/v2\/posts\/130635","targetHints":{"allow":["GET"]}}],"collection":[{"href":"https:\/\/corrientesdetarde.com\/index.php\/wp-json\/wp\/v2\/posts"}],"about":[{"href":"https:\/\/corrientesdetarde.com\/index.php\/wp-json\/wp\/v2\/types\/post"}],"author":[{"embeddable":true,"href":"https:\/\/corrientesdetarde.com\/index.php\/wp-json\/wp\/v2\/users\/8"}],"replies":[{"embeddable":true,"href":"https:\/\/corrientesdetarde.com\/index.php\/wp-json\/wp\/v2\/comments?post=130635"}],"version-history":[{"count":1,"href":"https:\/\/corrientesdetarde.com\/index.php\/wp-json\/wp\/v2\/posts\/130635\/revisions"}],"predecessor-version":[{"id":130637,"href":"https:\/\/corrientesdetarde.com\/index.php\/wp-json\/wp\/v2\/posts\/130635\/revisions\/130637"}],"wp:featuredmedia":[{"embeddable":true,"href":"https:\/\/corrientesdetarde.com\/index.php\/wp-json\/wp\/v2\/media\/130636"}],"wp:attachment":[{"href":"https:\/\/corrientesdetarde.com\/index.php\/wp-json\/wp\/v2\/media?parent=130635"}],"wp:term":[{"taxonomy":"category","embeddable":true,"href":"https:\/\/corrientesdetarde.com\/index.php\/wp-json\/wp\/v2\/categories?post=130635"},{"taxonomy":"post_tag","embeddable":true,"href":"https:\/\/corrientesdetarde.com\/index.php\/wp-json\/wp\/v2\/tags?post=130635"}],"curies":[{"name":"wp","href":"https:\/\/api.w.org\/{rel}","templated":true}]}}