{"id":130829,"date":"2024-03-07T09:44:21","date_gmt":"2024-03-07T12:44:21","guid":{"rendered":"https:\/\/corrientesdetarde.com\/?p=130829"},"modified":"2024-03-07T09:44:33","modified_gmt":"2024-03-07T12:44:33","slug":"inflacion-del-210-y-un-dolar-a-1600-los-pronosticos-de-los-analistas-que-revela-el-bcra-para-este-ano","status":"publish","type":"post","link":"https:\/\/corrientesdetarde.com\/index.php\/economia\/inflacion-del-210-y-un-dolar-a-1600-los-pronosticos-de-los-analistas-que-revela-el-bcra-para-este-ano\/","title":{"rendered":"Inflaci\u00f3n del 210% y un d\u00f3lar a $1600: los pron\u00f3sticos de los analistas que revela el BCRA para este a\u00f1o"},"content":{"rendered":"\n<p>El\u00a0Relevamiento de Expectativas del Mercado (<strong>REM<\/strong>)\u00a0del<strong>\u00a0Banco Central<\/strong>\u00a0(BCRA) pronosticaron c\u00f3mo evolucionar\u00e1 la\u00a0<strong>inflaci\u00f3n<\/strong>y el<strong>d\u00f3lar<\/strong>\u00a0durante el 2024. Seg\u00fan las m\u00e1s de 40 consultoras que participan de ese informe, estiman que el\u00a0<strong>\u00edndice de precios\u00a0<\/strong>de\u00a0<strong>febrero\u00a0<\/strong>alcanz\u00f3 el\u00a0<strong>15,8%\u00a0<\/strong>yque\u00a0<strong>marzo\u00a0<\/strong>cerrar\u00e1 con una<strong>\u00a0variaci\u00f3n<\/strong>\u00a0del\u00a0<strong>14,3%<\/strong>, lo que implica una desaceleraci\u00f3n.<\/p>\n\n\n\n<p>El dato del Indec de la variaci\u00f3n de precios del segundo mes de 2024 se conocer\u00e1 este martes 12 de marzo. Los especialistas consultados por el BCRA estiman que la\u00a0<strong>inflaci\u00f3n<\/strong>\u00a0<strong>acumular\u00e1<\/strong>\u00a0<strong>210,2%<\/strong>\u00a0a finales de este a\u00f1o. De acuerdo con el \u00faltimo informe del REM, en junio el nivel de precios volver\u00e1 a registrar un d\u00edgito.<\/p>\n\n\n\n<p>En tanto, el&nbsp;<strong>d\u00f3lar oficial<\/strong>&nbsp;alcanzar\u00e1 los $860 en marzo y superar\u00e1 la barrera de los $1000 desde mayo. As\u00ed, los analistas pronostican que el tipo de cambio cerrar\u00e1 el a\u00f1o en&nbsp;<strong>$1610,50<\/strong>.<\/p>\n\n\n\n<h2 class=\"wp-block-heading\">Mes a mes, a cu\u00e1nto llegar\u00e1 la inflaci\u00f3n seg\u00fan el REM<\/h2>\n\n\n\n<p>Los&nbsp;<strong>analistas&nbsp;<\/strong>del&nbsp;<strong>REM<\/strong>&nbsp;estimaron que la<strong>&nbsp;inflaci\u00f3n<\/strong>&nbsp;alcanzar\u00e1 los siguientes valores:<\/p>\n\n\n\n<ul class=\"wp-block-list\">\n<li><strong>Febrero<\/strong>: 15,8%;<\/li>\n\n\n\n<li><strong>Marzo<\/strong>: 14,3%;<\/li>\n\n\n\n<li><strong>Abril<\/strong>: 12%;<\/li>\n\n\n\n<li><strong>Mayo<\/strong>: 10%;<\/li>\n\n\n\n<li><strong>Junio<\/strong>: 8,5%;<\/li>\n\n\n\n<li><strong>Julio<\/strong>: 7,8%;<\/li>\n\n\n\n<li><strong>Agosto<\/strong>: 7%.<\/li>\n<\/ul>\n\n\n\n<figure class=\"wp-block-image\"><img decoding=\"async\" src=\"https:\/\/tn.com.ar\/resizer\/xwH-EK_UhLrwcMe8SalblZ-oMp4=\/767x0\/smart\/filters:format(webp)\/cloudfront-us-east-1.images.arcpublishing.com\/artear\/MQ3DUB4IJNGSBPVZASZT3KJN3Y.jpg\" alt=\"Para los analistas, la inflaci\u00f3n cerrar\u00e1 en 210,2% en 2024. (Foto: NA\/Juan Vargas)\"\/><figcaption class=\"wp-element-caption\">Para los analistas, la inflaci\u00f3n cerrar\u00e1 en 210,2% en 2024. (Foto: NA\/Juan Vargas)<\/figcaption><\/figure>\n\n\n\n<h2 class=\"wp-block-heading\">Qu\u00e9 va a pasar con el d\u00f3lar a fines de 2024<\/h2>\n\n\n\n<p>Seg\u00fan el \u00faltimo informe del<strong>&nbsp;REM<\/strong>, las consultoras esperan que el tipo de cambio cierre marzo a&nbsp;<strong>$860<\/strong>, es decir $49 menos que en el sondeo anterior, y culmine el a\u00f1o a&nbsp;<strong>$1610,50<\/strong>, lo que implicar\u00eda una devaluaci\u00f3n del peso del 47%.<\/p>\n\n\n\n<ul class=\"wp-block-list\">\n<li>En&nbsp;<strong>marzo<\/strong>&nbsp;el tipo de cambio alcanzar\u00eda los&nbsp;<strong>$860<\/strong>&nbsp;(49 pesos menos que hace un mes).<\/li>\n\n\n\n<li>Hacia&nbsp;<strong>abril&nbsp;<\/strong>llegar\u00eda a&nbsp;<strong>$927,80<\/strong>,es decir, $152,2 menos que el c\u00e1lculo anterior.<\/li>\n\n\n\n<li>La proyecci\u00f3n de&nbsp;<strong>mayo&nbsp;<\/strong>disminuy\u00f3 $162,8 en comparaci\u00f3n con el \u00faltimo informe, hasta los&nbsp;<strong>$1010,60.<\/strong><\/li>\n<\/ul>\n\n\n\n<figure class=\"wp-block-image\"><img decoding=\"async\" src=\"https:\/\/tn.com.ar\/resizer\/__ocePIilWSOfHh7gyECw-23z9c=\/767x0\/smart\/filters:format(webp)\/cloudfront-us-east-1.images.arcpublishing.com\/artear\/HCFXXIQROBCCFKUO3NZ44IPZ2Y.PNG\" alt=\"(Foto: REM\/BCRA)\"\/><figcaption class=\"wp-element-caption\">(Foto: REM\/BCRA)<\/figcaption><\/figure>\n\n\n\n<ul class=\"wp-block-list\">\n<li>El pron\u00f3stico de&nbsp;<strong>junio&nbsp;<\/strong>cay\u00f3 $146,7 respecto al informe pasado y qued\u00f3 en&nbsp;<strong>$1111,50.<\/strong><\/li>\n\n\n\n<li>La proyecci\u00f3n de&nbsp;<strong>julio&nbsp;<\/strong>esperan un tipo de cambio a<strong>&nbsp;$1191,60<\/strong>&nbsp;y marca una baja $136,3.<\/li>\n\n\n\n<li>En\u00a0<strong>agosto\u00a0<\/strong>estiman un d\u00f3lar a\u00a0<strong>$1273,90<\/strong>.<\/li>\n<\/ul>\n\n\n\n<h2 class=\"wp-block-heading\">Cu\u00e1les son las proyecciones del REM para el 2024<\/h2>\n\n\n\n<ul class=\"wp-block-list\">\n<li>Una inflaci\u00f3n de<strong>&nbsp;15,8%&nbsp;<\/strong>en febrero,<strong>&nbsp;14,3%<\/strong>&nbsp;en marzo,<strong>&nbsp;12%<\/strong>&nbsp;en abril,<strong>&nbsp;10%&nbsp;<\/strong>en mayo,<strong>&nbsp;8,5%&nbsp;<\/strong>en junio,&nbsp;<strong>7,8%<\/strong>&nbsp;en julio y del&nbsp;<strong>7%<\/strong>&nbsp;en agosto.En ese sentido, para la cifra anual de&nbsp;<strong>2024&nbsp;<\/strong>estima&nbsp;<strong>210,2%<\/strong>.<\/li>\n\n\n\n<li>Un nivel del&nbsp;<strong>Producto Interno Bruto (PIB) real 3,5%<\/strong>&nbsp;inferior al promedio de 2023, empeorando la perspectiva en 0,5 p.p. respecto del relevamiento previo. Este deterioro se concentra en el primer trimestre.<\/li>\n\n\n\n<li>Un tipo de cambio nominal en&nbsp;<strong>$860<\/strong>&nbsp;por d\u00f3lar para el promedio de marzo y&nbsp;<strong>$927,80<\/strong>&nbsp;en abril. Estiman que la divisa continuar\u00e1 escalando los siguientes meses hasta alcanzar los $1273,90 en agosto.<\/li>\n\n\n\n<li>Un nivel de&nbsp;<strong>desempleo de 7,7%<\/strong>&nbsp;de la Poblaci\u00f3n Econ\u00f3micamente Activa, en el primer trimestre del 2024 y del&nbsp;<strong>7,8%<\/strong>&nbsp;para los \u00faltimos tres meses de 2024.<\/li>\n\n\n\n<li>Para marzo, una<strong>&nbsp;tasa BADLAR<\/strong>&nbsp;de bancos privados de<strong>&nbsp;109,08%<\/strong>&nbsp;TNA, equivalente a una tasa efectiva mensual de 9%.<\/li>\n\n\n\n<li>Para 2024, estimaron que el valor de las exportaciones&nbsp;<strong>(FOB)<\/strong>&nbsp;totalicen por un monto de US$81.613 millones e importaciones&nbsp;<strong>(CIF)<\/strong>&nbsp;en US$66.822 millones.<\/li>\n\n\n\n<li>Super\u00e1vit fiscal primario del Sector P\u00fablico Nacional no Financiero (SPNF) en $786 miles de millones para 2024 (que contrasta con el super\u00e1vit de $95,1 miles de millones esperado en el REM previo).<\/li>\n<\/ul>\n","protected":false},"excerpt":{"rendered":"<p>El\u00a0Relevamiento de Expectativas del Mercado (REM)\u00a0del\u00a0Banco Central\u00a0(BCRA) pronosticaron c\u00f3mo evolucionar\u00e1 la\u00a0inflaci\u00f3ny eld\u00f3lar\u00a0durante el 2024. Seg\u00fan las m\u00e1s de 40 consultoras que participan de ese informe, estiman que el\u00a0\u00edndice de precios\u00a0de\u00a0febrero\u00a0alcanz\u00f3&hellip; <\/p>\n","protected":false},"author":12,"featured_media":130837,"comment_status":"closed","ping_status":"open","sticky":false,"template":"","format":"standard","meta":{"footnotes":""},"categories":[20],"tags":[],"class_list":["post-130829","post","type-post","status-publish","format-standard","has-post-thumbnail","hentry","category-economia"],"_links":{"self":[{"href":"https:\/\/corrientesdetarde.com\/index.php\/wp-json\/wp\/v2\/posts\/130829","targetHints":{"allow":["GET"]}}],"collection":[{"href":"https:\/\/corrientesdetarde.com\/index.php\/wp-json\/wp\/v2\/posts"}],"about":[{"href":"https:\/\/corrientesdetarde.com\/index.php\/wp-json\/wp\/v2\/types\/post"}],"author":[{"embeddable":true,"href":"https:\/\/corrientesdetarde.com\/index.php\/wp-json\/wp\/v2\/users\/12"}],"replies":[{"embeddable":true,"href":"https:\/\/corrientesdetarde.com\/index.php\/wp-json\/wp\/v2\/comments?post=130829"}],"version-history":[{"count":1,"href":"https:\/\/corrientesdetarde.com\/index.php\/wp-json\/wp\/v2\/posts\/130829\/revisions"}],"predecessor-version":[{"id":130838,"href":"https:\/\/corrientesdetarde.com\/index.php\/wp-json\/wp\/v2\/posts\/130829\/revisions\/130838"}],"wp:featuredmedia":[{"embeddable":true,"href":"https:\/\/corrientesdetarde.com\/index.php\/wp-json\/wp\/v2\/media\/130837"}],"wp:attachment":[{"href":"https:\/\/corrientesdetarde.com\/index.php\/wp-json\/wp\/v2\/media?parent=130829"}],"wp:term":[{"taxonomy":"category","embeddable":true,"href":"https:\/\/corrientesdetarde.com\/index.php\/wp-json\/wp\/v2\/categories?post=130829"},{"taxonomy":"post_tag","embeddable":true,"href":"https:\/\/corrientesdetarde.com\/index.php\/wp-json\/wp\/v2\/tags?post=130829"}],"curies":[{"name":"wp","href":"https:\/\/api.w.org\/{rel}","templated":true}]}}