{"id":130867,"date":"2024-03-07T12:19:20","date_gmt":"2024-03-07T15:19:20","guid":{"rendered":"https:\/\/corrientesdetarde.com\/?p=130867"},"modified":"2024-03-07T19:54:45","modified_gmt":"2024-03-07T22:54:45","slug":"habra-asueto-municipal-este-viernes-por-eldia-internacional-de-la-mujer-trabajadora","status":"publish","type":"post","link":"https:\/\/corrientesdetarde.com\/index.php\/locales\/habra-asueto-municipal-este-viernes-por-eldia-internacional-de-la-mujer-trabajadora\/","title":{"rendered":"Habr\u00e1 asueto municipal este viernes por el D\u00eda Internacional de la Mujer Trabajadora"},"content":{"rendered":"\n<p>Este viernes 8 de marzo rige la disposici\u00f3n municipal que otorga asueto administrativo al personal femenino que presta servicios en el \u00e1mbito de la Municipalidad de la Ciudad de Corrientes, &#8220;a los fines que las trabajadoras municipales puedan participar activamente en los diferentes encuentros programados, y as\u00ed, poder expresar su decisi\u00f3n de ser protagonistas en un plano de igualdad en la toma de decisiones&#8221;, se\u00f1alan en la normativa sancionada por el Concejo y homologada por el Ejecutivo.<\/p>\n\n\n\n<p>Adem\u00e1s de la adhesi\u00f3n a la fecha, establecida por la Organizaci\u00f3n de las Naciones Unidas (ONU), se encomend\u00f3 tambi\u00e9n al Ejecutivo que &#8220;a trav\u00e9s del \u00e1rea que corresponda, la realizaci\u00f3n de actividades, campa\u00f1as de concientizaci\u00f3n y prevenci\u00f3n para garantizar sus derechos, asegurar la participaci\u00f3n plena y efectiva de las mujeres&#8221;.<\/p>\n\n\n\n<p>En este contexto, se declara entonces asueto para el d\u00eda 8 de marzo de cada a\u00f1o en el marco del D\u00eda Internacional de la Mujer, &#8220;siendo optativa la concurrencia a la jornada laboral para todas las mujeres trabajadores de la Municipalidad, promoviendo, desde el Estado municipal, que los emperadores y empleadoras privadas act\u00faen en consecuencia&#8221;, indican en el articulado de la mencionada ordenanza comunal. &#8220;Tambi\u00e9n establece que la usencia de la trabajadora a su puesto no ser\u00e1 registrada como inasistencia y no perjudicar\u00e1 ni ver\u00e1 afectada su situaci\u00f3n laboral ni salarial&#8221;, completaron.<\/p>\n\n\n\n<p><\/p>\n\n\n\n<p><\/p>\n\n\n\n<p><\/p>\n\n\n\n<p><\/p>\n\n\n\n<p><\/p>\n","protected":false},"excerpt":{"rendered":"<p>Este viernes 8 de marzo rige la disposici\u00f3n municipal que otorga asueto administrativo al personal femenino que presta servicios en el \u00e1mbito de la Municipalidad de la Ciudad de Corrientes,&hellip; <\/p>\n","protected":false},"author":12,"featured_media":130895,"comment_status":"closed","ping_status":"open","sticky":false,"template":"","format":"standard","meta":{"footnotes":""},"categories":[8],"tags":[],"class_list":["post-130867","post","type-post","status-publish","format-standard","has-post-thumbnail","hentry","category-locales"],"_links":{"self":[{"href":"https:\/\/corrientesdetarde.com\/index.php\/wp-json\/wp\/v2\/posts\/130867","targetHints":{"allow":["GET"]}}],"collection":[{"href":"https:\/\/corrientesdetarde.com\/index.php\/wp-json\/wp\/v2\/posts"}],"about":[{"href":"https:\/\/corrientesdetarde.com\/index.php\/wp-json\/wp\/v2\/types\/post"}],"author":[{"embeddable":true,"href":"https:\/\/corrientesdetarde.com\/index.php\/wp-json\/wp\/v2\/users\/12"}],"replies":[{"embeddable":true,"href":"https:\/\/corrientesdetarde.com\/index.php\/wp-json\/wp\/v2\/comments?post=130867"}],"version-history":[{"count":4,"href":"https:\/\/corrientesdetarde.com\/index.php\/wp-json\/wp\/v2\/posts\/130867\/revisions"}],"predecessor-version":[{"id":131034,"href":"https:\/\/corrientesdetarde.com\/index.php\/wp-json\/wp\/v2\/posts\/130867\/revisions\/131034"}],"wp:featuredmedia":[{"embeddable":true,"href":"https:\/\/corrientesdetarde.com\/index.php\/wp-json\/wp\/v2\/media\/130895"}],"wp:attachment":[{"href":"https:\/\/corrientesdetarde.com\/index.php\/wp-json\/wp\/v2\/media?parent=130867"}],"wp:term":[{"taxonomy":"category","embeddable":true,"href":"https:\/\/corrientesdetarde.com\/index.php\/wp-json\/wp\/v2\/categories?post=130867"},{"taxonomy":"post_tag","embeddable":true,"href":"https:\/\/corrientesdetarde.com\/index.php\/wp-json\/wp\/v2\/tags?post=130867"}],"curies":[{"name":"wp","href":"https:\/\/api.w.org\/{rel}","templated":true}]}}