{"id":130897,"date":"2024-03-07T12:22:24","date_gmt":"2024-03-07T15:22:24","guid":{"rendered":"https:\/\/corrientesdetarde.com\/?p=130897"},"modified":"2024-03-07T12:22:27","modified_gmt":"2024-03-07T15:22:27","slug":"la-ministra-de-educacion-asistio-las-bodas-de-oro-de-la-escuela-especial-no-9-helen-keller","status":"publish","type":"post","link":"https:\/\/corrientesdetarde.com\/index.php\/destacados\/la-ministra-de-educacion-asistio-las-bodas-de-oro-de-la-escuela-especial-no-9-helen-keller\/","title":{"rendered":"La ministra de Educaci\u00f3n asisti\u00f3 las Bodas de oro de la Escuela Especial N\u00ba 9 Helen Keller"},"content":{"rendered":"\n<p>La ministra de Educaci\u00f3n asisti\u00f3 las Bodas de oro de la Escuela Especial N\u00ba 9 Helen Keller<\/p>\n\n\n\n<p>La ministra de Educaci\u00f3n Pr\u00e1xedes L\u00f3pez y el vicegobernador de Corrientes Pedro Braillard Poccard, encabezaron, el mi\u00e9rcoles por la noche, los festejos por las bodas de oro de la Escuela Especial N\u00ba 9 Helen Keller. El acto tuvo lugar en la sede de la instituci\u00f3n ubicada en el barrio Ferr\u00e9.<\/p>\n\n\n\n<p>Hace cincuenta a\u00f1os, un grupo de padres se uni\u00f3 para fundar esta escuela. Inspirados por el legado de Helen Keller, una mujer excepcional que super\u00f3 todas las barreras impuestas por la discapacidad para convertirse en un s\u00edmbolo de esperanza y determinaci\u00f3n.<\/p>\n\n\n\n<p>Durante el acto de ayer, adem\u00e1s de festejar los 50 a\u00f1os de la escuela, los presentes honraron su memoria celebrando el fruto de su legado.<\/p>\n\n\n\n<p>\u201cCuando miro la historia que construyeron estas cinco familias, pienso en los j\u00f3venes que, gracias a esas familias tuvieron la posibilidad de desarrollarse\u201d, dijo la ministra de Educaci\u00f3n Pr\u00e1xedes L\u00f3pez y remarc\u00f3 que la Educaci\u00f3n Especial es una pol\u00edtica muy importante para el Gobierno Provincial.<\/p>\n\n\n\n<p>A su turno, el vicegobernador Pedro Braillard Poccard agradeci\u00f3 la posibilidad de participar en un acto tan importante como las bodas de oro de esta casa de estudios y dijo: \u201cLa Educaci\u00f3n es el elemento m\u00e1s valioso y eficiente para construir la igualdad en nuestra sociedad\u201d.<\/p>\n\n\n\n<figure class=\"wp-block-gallery has-nested-images columns-default is-cropped wp-block-gallery-1 is-layout-flex wp-block-gallery-is-layout-flex\">\n<figure class=\"wp-block-image\"><img decoding=\"async\" src=\"blob:https:\/\/corrientesdetarde.com\/8253d863-e578-4910-bb23-a2c8c9f33c71\" alt=\"\"\/><\/figure>\n\n\n\n<figure class=\"wp-block-image\"><img decoding=\"async\" src=\"blob:https:\/\/corrientesdetarde.com\/e605ab3a-f275-4f17-a327-d6a19ef1ab3d\" alt=\"\"\/><\/figure>\n<\/figure>\n","protected":false},"excerpt":{"rendered":"<p>La ministra de Educaci\u00f3n asisti\u00f3 las Bodas de oro de la Escuela Especial N\u00ba 9 Helen Keller La ministra de Educaci\u00f3n Pr\u00e1xedes L\u00f3pez y el vicegobernador de Corrientes Pedro Braillard&hellip; <\/p>\n","protected":false},"author":12,"featured_media":130898,"comment_status":"closed","ping_status":"open","sticky":false,"template":"","format":"standard","meta":{"footnotes":""},"categories":[26],"tags":[],"class_list":["post-130897","post","type-post","status-publish","format-standard","has-post-thumbnail","hentry","category-destacados"],"_links":{"self":[{"href":"https:\/\/corrientesdetarde.com\/index.php\/wp-json\/wp\/v2\/posts\/130897","targetHints":{"allow":["GET"]}}],"collection":[{"href":"https:\/\/corrientesdetarde.com\/index.php\/wp-json\/wp\/v2\/posts"}],"about":[{"href":"https:\/\/corrientesdetarde.com\/index.php\/wp-json\/wp\/v2\/types\/post"}],"author":[{"embeddable":true,"href":"https:\/\/corrientesdetarde.com\/index.php\/wp-json\/wp\/v2\/users\/12"}],"replies":[{"embeddable":true,"href":"https:\/\/corrientesdetarde.com\/index.php\/wp-json\/wp\/v2\/comments?post=130897"}],"version-history":[{"count":2,"href":"https:\/\/corrientesdetarde.com\/index.php\/wp-json\/wp\/v2\/posts\/130897\/revisions"}],"predecessor-version":[{"id":130902,"href":"https:\/\/corrientesdetarde.com\/index.php\/wp-json\/wp\/v2\/posts\/130897\/revisions\/130902"}],"wp:featuredmedia":[{"embeddable":true,"href":"https:\/\/corrientesdetarde.com\/index.php\/wp-json\/wp\/v2\/media\/130898"}],"wp:attachment":[{"href":"https:\/\/corrientesdetarde.com\/index.php\/wp-json\/wp\/v2\/media?parent=130897"}],"wp:term":[{"taxonomy":"category","embeddable":true,"href":"https:\/\/corrientesdetarde.com\/index.php\/wp-json\/wp\/v2\/categories?post=130897"},{"taxonomy":"post_tag","embeddable":true,"href":"https:\/\/corrientesdetarde.com\/index.php\/wp-json\/wp\/v2\/tags?post=130897"}],"curies":[{"name":"wp","href":"https:\/\/api.w.org\/{rel}","templated":true}]}}