{"id":130903,"date":"2024-03-07T13:04:07","date_gmt":"2024-03-07T16:04:07","guid":{"rendered":"https:\/\/corrientesdetarde.com\/?p=130903"},"modified":"2024-03-07T13:04:11","modified_gmt":"2024-03-07T16:04:11","slug":"se-recibiran-donaciones-en-la-primera-edicion-del-ano-de-ciudad-de-diseno","status":"publish","type":"post","link":"https:\/\/corrientesdetarde.com\/index.php\/sociales\/se-recibiran-donaciones-en-la-primera-edicion-del-ano-de-ciudad-de-diseno\/","title":{"rendered":"Se recibir\u00e1n donaciones en la primera edici\u00f3n del a\u00f1o de Ciudad de Dise\u00f1o"},"content":{"rendered":"\n<p><em>Luego de suspenderse por el temporal, el evento tendr\u00e1 lugar este domingo 10 de marzo, de 19 a 23, en el paseo ubicado por la avenida Costanera General San Mart\u00edn y Pellegrini. Por iniciativa de los emprendedores, se recibir\u00e1n de parte de los vecinos, art\u00edculos de limpieza, ropa de cama, ropa para ni\u00f1os, entre otros, para colaborar con los afectados por las fuertes lluvias.<\/em><\/p>\n\n\n\n<p>La Municipalidad de Corrientes informa que este domingo 10 de marzo se realizar\u00e1 la primera edici\u00f3n del a\u00f1o del programa Ciudad de Dise\u00f1o, en la intersecci\u00f3n de la avenida Costanera General San Mart\u00edn y calle Pellegrini. Por iniciativa de los emprendedores, en el evento se recibir\u00e1n donaciones para los afectados por el temporal.<br><br>La acci\u00f3n es llevada adelante por la Secretar\u00eda de Desarrollo Econ\u00f3mico, junto a la red solidaria Juntos Chamigo. Tendr\u00e1 lugar de 19 a 23 por avenida Costanera General San Mart\u00edn, casi Carlos Pellegrini, y contar\u00e1 con la participaci\u00f3n de alrededor de 30 emprendedores de dise\u00f1o, adem\u00e1s de gastron\u00f3micos.<br><br>La subsecretaria de Pymes y Emprendedores, Thea Bel\u00e1ustegui, precis\u00f3 que \u201cse estar\u00e1n recibiendo donaciones como alimentos no perecederos, agua, ropa de cama, ropa para ni\u00f1os y grandes, y calzados\u201d.<br><br>Adem\u00e1s, se\u00f1al\u00f3 que quienes se acerquen tambi\u00e9n podr\u00e1n llevar \u201cart\u00edculos de limpieza para las casas y personal, son productos que van a necesitar las personas una vez que puedan volver a sus casas\u201d.<br><br>CIUDAD DE DISE\u00d1O<br><br>Vale recordar que la edici\u00f3n 2024 tendr\u00e1 como novedad que se realizar\u00e1 dos veces al mes para que todos los emprendedores locales tengan la oportunidad de darse a conocer, mostrar y ofrecer sus productos a la venta.<br><br>\u201cProvisoriamente vamos a estar este a\u00f1o en Costanera casi Pellegrini, cerca del Paseo del Trabajador Municipal, hasta tanto terminen las obras de refacci\u00f3n que se est\u00e1n llevando adelante en Terrazas del Paran\u00e1, que es el lugar donde se desarroll\u00f3 siempre el programa\u201d, aclar\u00f3 la subsecretaria de Pymes y Emprendedores.<br><br>Entre tanto, para este domingo est\u00e1n confirmados m\u00e1s de 25 emprendedores de productos artesanales creativos de dise\u00f1o, textiles, tejidos, deco hogar, juguetes did\u00e1cticos, de gr\u00e1fica, papeler\u00eda y marroquiner\u00eda, agreg\u00e1ndole este a\u00f1o calzados, adem\u00e1s de los habituales emprendedores gastron\u00f3micos que acompa\u00f1an siempre.<\/p>\n\n\n\n<figure class=\"wp-block-image size-full\"><img loading=\"lazy\" decoding=\"async\" width=\"640\" height=\"800\" src=\"https:\/\/corrientesdetarde.com\/wp-content\/uploads\/2024\/03\/image-135.png\" alt=\"\" class=\"wp-image-130904\" srcset=\"https:\/\/corrientesdetarde.com\/wp-content\/uploads\/2024\/03\/image-135.png 640w, https:\/\/corrientesdetarde.com\/wp-content\/uploads\/2024\/03\/image-135-240x300.png 240w\" sizes=\"auto, (max-width: 640px) 100vw, 640px\" \/><\/figure>\n\n\n\n<figure class=\"wp-block-image size-full\"><img loading=\"lazy\" decoding=\"async\" width=\"800\" height=\"450\" src=\"https:\/\/corrientesdetarde.com\/wp-content\/uploads\/2024\/03\/image-137.png\" alt=\"\" class=\"wp-image-130906\" srcset=\"https:\/\/corrientesdetarde.com\/wp-content\/uploads\/2024\/03\/image-137.png 800w, https:\/\/corrientesdetarde.com\/wp-content\/uploads\/2024\/03\/image-137-300x169.png 300w, https:\/\/corrientesdetarde.com\/wp-content\/uploads\/2024\/03\/image-137-768x432.png 768w\" sizes=\"auto, (max-width: 800px) 100vw, 800px\" \/><\/figure>\n","protected":false},"excerpt":{"rendered":"<p>Luego de suspenderse por el temporal, el evento tendr\u00e1 lugar este domingo 10 de marzo, de 19 a 23, en el paseo ubicado por la avenida Costanera General San Mart\u00edn&hellip; <\/p>\n","protected":false},"author":8,"featured_media":130905,"comment_status":"closed","ping_status":"open","sticky":false,"template":"","format":"standard","meta":{"footnotes":""},"categories":[17],"tags":[],"class_list":["post-130903","post","type-post","status-publish","format-standard","has-post-thumbnail","hentry","category-sociales"],"_links":{"self":[{"href":"https:\/\/corrientesdetarde.com\/index.php\/wp-json\/wp\/v2\/posts\/130903","targetHints":{"allow":["GET"]}}],"collection":[{"href":"https:\/\/corrientesdetarde.com\/index.php\/wp-json\/wp\/v2\/posts"}],"about":[{"href":"https:\/\/corrientesdetarde.com\/index.php\/wp-json\/wp\/v2\/types\/post"}],"author":[{"embeddable":true,"href":"https:\/\/corrientesdetarde.com\/index.php\/wp-json\/wp\/v2\/users\/8"}],"replies":[{"embeddable":true,"href":"https:\/\/corrientesdetarde.com\/index.php\/wp-json\/wp\/v2\/comments?post=130903"}],"version-history":[{"count":1,"href":"https:\/\/corrientesdetarde.com\/index.php\/wp-json\/wp\/v2\/posts\/130903\/revisions"}],"predecessor-version":[{"id":130907,"href":"https:\/\/corrientesdetarde.com\/index.php\/wp-json\/wp\/v2\/posts\/130903\/revisions\/130907"}],"wp:featuredmedia":[{"embeddable":true,"href":"https:\/\/corrientesdetarde.com\/index.php\/wp-json\/wp\/v2\/media\/130905"}],"wp:attachment":[{"href":"https:\/\/corrientesdetarde.com\/index.php\/wp-json\/wp\/v2\/media?parent=130903"}],"wp:term":[{"taxonomy":"category","embeddable":true,"href":"https:\/\/corrientesdetarde.com\/index.php\/wp-json\/wp\/v2\/categories?post=130903"},{"taxonomy":"post_tag","embeddable":true,"href":"https:\/\/corrientesdetarde.com\/index.php\/wp-json\/wp\/v2\/tags?post=130903"}],"curies":[{"name":"wp","href":"https:\/\/api.w.org\/{rel}","templated":true}]}}