{"id":130927,"date":"2024-03-07T13:22:55","date_gmt":"2024-03-07T16:22:55","guid":{"rendered":"https:\/\/corrientesdetarde.com\/?p=130927"},"modified":"2024-03-07T13:23:08","modified_gmt":"2024-03-07T16:23:08","slug":"en-expoagro-jorge-macri-apoyo-la-gestion-de-milei-y-cruzo-a-axel-kicillof-por-su-rechazo-al-pacto-de-mayo","status":"publish","type":"post","link":"https:\/\/corrientesdetarde.com\/index.php\/politica\/en-expoagro-jorge-macri-apoyo-la-gestion-de-milei-y-cruzo-a-axel-kicillof-por-su-rechazo-al-pacto-de-mayo\/","title":{"rendered":"En Expoagro, Jorge Macri apoy\u00f3 la gesti\u00f3n de Milei y cruz\u00f3 a Axel Kicillof por su rechazo al Pacto de Mayo"},"content":{"rendered":"\n<p>El jefe de Gobierno porte\u00f1o cuestion\u00f3 al gobernador bonaerense por rechazar el llamado a un acuerdo del presidente Javier Milei.<\/p>\n\n\n\n<p><a href=\"https:\/\/tn.com.ar\/autor\/jerreca\/\"><\/a>EL jefe de Gobierno Porte\u00f1o,<strong>\u00a0Jorge Macri,\u00a0<\/strong>recorri\u00f3 este mi\u00e9rcoles la megamuestra Expoagro, que se desarrolla hasta este viernes 8 en San Nicol\u00e1s, y cuestion\u00f3 al gobernador bonaerense,\u00a0<strong>Axel Kicillof,\u00a0<\/strong>por rechazar el<strong>\u00a0Pacto de Mayo.<\/strong><\/p>\n\n\n\n<p>\u201cEs una pena, porque\u00a0<strong>uno nunca tiene que dejar de ir a una mesa antes de sentarse<\/strong>. Despu\u00e9s de una reuni\u00f3n, se pueden plantear diferencias, pero si no vas, ni siquiera hubo chances de manifestar las diferencias. M\u00e1s all\u00e1 del signo pol\u00edtico de Kicillof, \u00e9l tiene que gobernar para todos los bonaerenses y eso significa sentarse con el Presidente de todos los argentinos\u201d, afirm\u00f3 en una entrevista exclusiva <\/p>\n\n\n\n<p>A su vez, Macri reiter\u00f3 su apoyo a la gesti\u00f3n de Milei. \u201c<strong>Tengo mucha confianza. Creo que el Presidente est\u00e1 haciendo un gran esfuerzo por ordenar las cuentas p\u00fablicas nacionales<\/strong>\u201d, dijo al recorrer la megamuestra, donde se encontr\u00f3 con el ex senador y ex ministro de Educaci\u00f3n,<strong>\u00a0Esteban Bullrich,\u00a0<\/strong>en la carpa institucional.<\/p>\n\n\n\n<p>En cuanto al v\u00ednculo del campo con la ciudad, Macri coment\u00f3: \u201cLa verdad que muy contento, Expoagro es un lugar que amo visitar y no me he perdido ninguna de las muestras, llueve o truene. Para m\u00ed es un orgullo ver esta pujanza y capacidad de emprender que tiene el campo. El cambio m\u00e1s relevante de los \u00faltimos 10 a\u00f1os ha sido la irrupci\u00f3n de la tecnolog\u00eda, lo que genera un nuevo v\u00ednculo entre la ciudad y el campo\u201d.<\/p>\n\n\n\n<p>En ese sentido, resalt\u00f3 que ya exist\u00eda desde siempre hubo \u201cuna relaci\u00f3n natural\u201d entre ambos \u00e1mbitos.<\/p>\n\n\n\n<p>\u201cMucha gente del campo vive en la ciudad, que adem\u00e1s es el gran mercado de los alimentos. Pero cuando irrumpi\u00f3 la tecnolog\u00eda, adem\u00e1s se sumaron las empresas que en Buenos Aires son proveedoras de ese equipamiento. Inclusive, en el parque de la innovaci\u00f3n tenemos startups que est\u00e1n trabajando en innovaciones para el agro\u201d<\/p>\n\n\n\n<p>El jefe de Gobierno porte\u00f1o, adem\u00e1s, destac\u00f3 que el&nbsp;<strong>Congreso de la&nbsp;<\/strong>Asociaci\u00f3n Argentina de Productores en Siembra Directa<strong>&nbsp;(Aapresid) 2024, por primera vez, se har\u00e1 en la Ciudad de Buenos Aires, del 7 al 9 de agosto.<\/strong>&nbsp;\u201cEs una gran noticia\u201d, manifest\u00f3.<\/p>\n","protected":false},"excerpt":{"rendered":"<p>El jefe de Gobierno porte\u00f1o cuestion\u00f3 al gobernador bonaerense por rechazar el llamado a un acuerdo del presidente Javier Milei. EL jefe de Gobierno Porte\u00f1o,\u00a0Jorge Macri,\u00a0recorri\u00f3 este mi\u00e9rcoles la megamuestra&hellip; <\/p>\n","protected":false},"author":8,"featured_media":130928,"comment_status":"closed","ping_status":"open","sticky":false,"template":"","format":"standard","meta":{"footnotes":""},"categories":[3],"tags":[],"class_list":["post-130927","post","type-post","status-publish","format-standard","has-post-thumbnail","hentry","category-politica"],"_links":{"self":[{"href":"https:\/\/corrientesdetarde.com\/index.php\/wp-json\/wp\/v2\/posts\/130927","targetHints":{"allow":["GET"]}}],"collection":[{"href":"https:\/\/corrientesdetarde.com\/index.php\/wp-json\/wp\/v2\/posts"}],"about":[{"href":"https:\/\/corrientesdetarde.com\/index.php\/wp-json\/wp\/v2\/types\/post"}],"author":[{"embeddable":true,"href":"https:\/\/corrientesdetarde.com\/index.php\/wp-json\/wp\/v2\/users\/8"}],"replies":[{"embeddable":true,"href":"https:\/\/corrientesdetarde.com\/index.php\/wp-json\/wp\/v2\/comments?post=130927"}],"version-history":[{"count":1,"href":"https:\/\/corrientesdetarde.com\/index.php\/wp-json\/wp\/v2\/posts\/130927\/revisions"}],"predecessor-version":[{"id":130929,"href":"https:\/\/corrientesdetarde.com\/index.php\/wp-json\/wp\/v2\/posts\/130927\/revisions\/130929"}],"wp:featuredmedia":[{"embeddable":true,"href":"https:\/\/corrientesdetarde.com\/index.php\/wp-json\/wp\/v2\/media\/130928"}],"wp:attachment":[{"href":"https:\/\/corrientesdetarde.com\/index.php\/wp-json\/wp\/v2\/media?parent=130927"}],"wp:term":[{"taxonomy":"category","embeddable":true,"href":"https:\/\/corrientesdetarde.com\/index.php\/wp-json\/wp\/v2\/categories?post=130927"},{"taxonomy":"post_tag","embeddable":true,"href":"https:\/\/corrientesdetarde.com\/index.php\/wp-json\/wp\/v2\/tags?post=130927"}],"curies":[{"name":"wp","href":"https:\/\/api.w.org\/{rel}","templated":true}]}}