{"id":130930,"date":"2024-03-07T13:27:58","date_gmt":"2024-03-07T16:27:58","guid":{"rendered":"https:\/\/corrientesdetarde.com\/?p=130930"},"modified":"2024-03-07T13:28:02","modified_gmt":"2024-03-07T16:28:02","slug":"las-cuotas-de-las-prepagas-aumentaran-mas-del-16-en-abril-cuanto-subieron-en-lo-que-va-del-ano","status":"publish","type":"post","link":"https:\/\/corrientesdetarde.com\/index.php\/economia\/las-cuotas-de-las-prepagas-aumentaran-mas-del-16-en-abril-cuanto-subieron-en-lo-que-va-del-ano\/","title":{"rendered":"Las cuotas de las prepagas aumentar\u00e1n m\u00e1s del 16% en abril: cu\u00e1nto subieron en lo que va del a\u00f1o"},"content":{"rendered":"\n<p>Las empresas de medicina privada empezaron a comunicar los nuevos incrementos en los planes de salud a sus afiliados. Se trata del cuarto aumento consecutivo y ser\u00e1 aplicado sobre el valor de marzo.<\/p>\n\n\n\n<p>Las empresas de medicina\u00a0prepaga\u00a0  informaron que las cuotas tendr\u00e1n un\u00a0<strong>aumento de entre el 16 y 19% promedio<\/strong>\u00a0en\u00a0<strong>abril<\/strong>, sobre el valor de marzo. Se trata del\u00a0<strong>cuarto aumento<\/strong>\u00a0consecutivo en lo que va del a\u00f1o y se da frente a que las entidades intentan recuperar el atraso durante el 2023, cuando los planes de salud aumentaron\u00a0<strong>134%\u00a0<\/strong>y la<strong>\u00a0inflaci\u00f3n\u00a0<\/strong>cerr\u00f3 en\u00a0<strong>211,4%<\/strong>.<\/p>\n\n\n\n<p>La actualizaci\u00f3n se da frente a la decisi\u00f3n del Gobierno de\u00a0<strong>no intervenir en los precios\u00a0<\/strong>y las empresas no tendr\u00e1n tope para la diferencia entre el precio del plan para gente m\u00e1s joven (m\u00e1s econ\u00f3mico) y el resto. As\u00ed, los prestadores podr\u00e1n establecer libremente aumentos.  En lo que va del 2024, los usuarios de las prepagas recibieron un alza en los aranceles del\u00a0<strong>30%<\/strong>\u00a0en enero, del\u00a0<strong>26%\u00a0<\/strong>en febrero y del\u00a0<strong>23%<\/strong>\u00a0en marzo.<\/p>\n\n\n\n<p>Frente a los incrementos, el exministro de Econom\u00eda,<strong>\u00a0Domingo Cavallo\u00a0<\/strong>cuestion\u00f3 a las empresas de medicina privada por aplicar \u201caumentos exagerados\u201d de precios y le pidi\u00f3 al sector privado que colabore con el Gobierno. \u201c<strong>No puede ser que las empresas aprovechen eso\u00a0<\/strong>para pegar un saque a los precios exagerado\u201d.<\/p>\n\n\n\n<h2 class=\"wp-block-heading\">Cu\u00e1nto aumentar\u00e1n las cuotas de las prepagas en abril<\/h2>\n\n\n\n<ul class=\"wp-block-list\">\n<li>Las actualizaciones del valor de las cuotas de las prepagas llegan hasta el&nbsp;<strong>19%<\/strong>&nbsp;en&nbsp;<strong>abril;<\/strong><\/li>\n\n\n\n<li>El alza en los aranceles se debe a que las entidades intentan recuperar el atraso durante el 2023, cuando los planes de salud aumentaron 134% y la inflaci\u00f3n cerr\u00f3 en 211,4%.<\/li>\n\n\n\n<li>Frente a los incrementos, algunos prestadores cobran&nbsp;<strong>copagos<\/strong>&nbsp;para \u201cafrontar los gastos\u201d.<\/li>\n<\/ul>\n\n\n\n<figure class=\"wp-block-image\"><img decoding=\"async\" src=\"https:\/\/tn.com.ar\/resizer\/w0fLtvEoegbY2JCcuy-0qoEW8a4=\/767x0\/smart\/filters:format(webp)\/cloudfront-us-east-1.images.arcpublishing.com\/artear\/MKRLUZETSZFFNNPC7D3UGGLVLI.jpg\" alt=\"Las actualizaciones del valor de las cuotas de las prepagas llegan hasta el 19% en abril; (Foto: Adobe Stock)\"\/><\/figure>\n\n\n\n<h2 class=\"wp-block-heading\">Desregulaci\u00f3n de las obras sociales y prepagas: cu\u00e1les son los principales cambios para los beneficiarios<\/h2>\n\n\n\n<p>El Gobierno oficializ\u00f3 la\u00a0desregulaci\u00f3n\u00a0de las\u00a0obras sociales\u00a0y las\u00a0prepagas, a trav\u00e9s del\u00a0<strong>decreto 107<\/strong>\u00a0publicado en el Bolet\u00edn Oficial. Desde el 1\u00b0 de marzo, cada beneficiario puede<strong>\u00a0elegir libremente\u00a0<\/strong>el<strong>\u00a0prestador del servicio de salud<\/strong>\u00a0administrado por los sindicatos o las empresas de medicina privada. A continuaci\u00f3n, los principales cambios para los beneficiarios.<\/p>\n\n\n\n<ul class=\"wp-block-list\">\n<li>Los trabajadores y jubilados podr\u00e1n<strong>&nbsp;elegir libremente la obra social o prepaga para su cobertura de salud.<\/strong><\/li>\n\n\n\n<li>Desde marzo, los trabajadores<strong>&nbsp;no tendr\u00e1n la obligaci\u00f3n de permanecer un a\u00f1o<\/strong>&nbsp;en la obra social de su actividad al ingresar a un nuevo empleo.<\/li>\n\n\n\n<li>Los beneficiarios<strong>&nbsp;podr\u00e1n cambiar&nbsp;<\/strong>de obra social o prepaga&nbsp;<strong>una vez al a\u00f1o<\/strong>, en cualquier momento del a\u00f1o desde el inicio de la relaci\u00f3n laboral.<\/li>\n\n\n\n<li>Los&nbsp;<strong>matrimonios&nbsp;<\/strong>en los que ambos c\u00f3nyuges son beneficiarios titulares pueden&nbsp;<strong>afiliarse a una \u00fanica entidad, acumulando sus aportes y contribuciones.<\/strong><\/li>\n\n\n\n<li>Las personas con&nbsp;<strong>discapacidad&nbsp;<\/strong>acceder\u00e1n como m\u00ednimo a la cobertura b\u00e1sica obligatoria establecida en el&nbsp;<strong>Programa M\u00e9dico Obligatorio<\/strong>&nbsp;y en el S<strong>istema de Prestaciones B\u00e1sicas en habilitaci\u00f3n y rehabilitaci\u00f3n integral.<\/strong><\/li>\n<\/ul>\n","protected":false},"excerpt":{"rendered":"<p>Las empresas de medicina privada empezaron a comunicar los nuevos incrementos en los planes de salud a sus afiliados. Se trata del cuarto aumento consecutivo y ser\u00e1 aplicado sobre el&hellip; <\/p>\n","protected":false},"author":8,"featured_media":130931,"comment_status":"closed","ping_status":"open","sticky":false,"template":"","format":"standard","meta":{"footnotes":""},"categories":[20],"tags":[],"class_list":["post-130930","post","type-post","status-publish","format-standard","has-post-thumbnail","hentry","category-economia"],"_links":{"self":[{"href":"https:\/\/corrientesdetarde.com\/index.php\/wp-json\/wp\/v2\/posts\/130930","targetHints":{"allow":["GET"]}}],"collection":[{"href":"https:\/\/corrientesdetarde.com\/index.php\/wp-json\/wp\/v2\/posts"}],"about":[{"href":"https:\/\/corrientesdetarde.com\/index.php\/wp-json\/wp\/v2\/types\/post"}],"author":[{"embeddable":true,"href":"https:\/\/corrientesdetarde.com\/index.php\/wp-json\/wp\/v2\/users\/8"}],"replies":[{"embeddable":true,"href":"https:\/\/corrientesdetarde.com\/index.php\/wp-json\/wp\/v2\/comments?post=130930"}],"version-history":[{"count":1,"href":"https:\/\/corrientesdetarde.com\/index.php\/wp-json\/wp\/v2\/posts\/130930\/revisions"}],"predecessor-version":[{"id":130932,"href":"https:\/\/corrientesdetarde.com\/index.php\/wp-json\/wp\/v2\/posts\/130930\/revisions\/130932"}],"wp:featuredmedia":[{"embeddable":true,"href":"https:\/\/corrientesdetarde.com\/index.php\/wp-json\/wp\/v2\/media\/130931"}],"wp:attachment":[{"href":"https:\/\/corrientesdetarde.com\/index.php\/wp-json\/wp\/v2\/media?parent=130930"}],"wp:term":[{"taxonomy":"category","embeddable":true,"href":"https:\/\/corrientesdetarde.com\/index.php\/wp-json\/wp\/v2\/categories?post=130930"},{"taxonomy":"post_tag","embeddable":true,"href":"https:\/\/corrientesdetarde.com\/index.php\/wp-json\/wp\/v2\/tags?post=130930"}],"curies":[{"name":"wp","href":"https:\/\/api.w.org\/{rel}","templated":true}]}}