{"id":130936,"date":"2024-03-07T13:57:58","date_gmt":"2024-03-07T16:57:58","guid":{"rendered":"https:\/\/corrientesdetarde.com\/?p=130936"},"modified":"2024-03-07T13:58:01","modified_gmt":"2024-03-07T16:58:01","slug":"tassano-acompano-la-presentacion-de-cursos-de-oficiosqueremos-que-los-jovenes-se-desarrollen-y-se-queden-en-la-ciudad","status":"publish","type":"post","link":"https:\/\/corrientesdetarde.com\/index.php\/sociales\/tassano-acompano-la-presentacion-de-cursos-de-oficiosqueremos-que-los-jovenes-se-desarrollen-y-se-queden-en-la-ciudad\/","title":{"rendered":"Tassano acompa\u00f1\u00f3 la presentaci\u00f3n de cursos de oficios:\u201cQueremos que los j\u00f3venes se desarrollen y se queden en la Ciudad\u201d"},"content":{"rendered":"\n<p><em>El intendente oficializ\u00f3 la continuidad de la oferta laboral de instrucci\u00f3n t\u00e9cnica y profesional que beneficiar\u00e1 a 3.000 j\u00f3venes de la ciudad. Estos tendr\u00e1n a disposici\u00f3n diversas alternativas para formarse en las \u00e1reas de turismo y gastronom\u00eda, econom\u00eda del conocimiento, empleos verdes y obras y servicios generales.<\/em><em>&nbsp;<\/em><\/p>\n\n\n\n<p>El intendente Eduardo Tassano encabez\u00f3 este jueves el lanzamiento oficial de los Cursos de Oficio y Capacitaci\u00f3n de la Oficina de Empleo que retoma la oferta anual de formaci\u00f3n t\u00e9cnica y profesional para m\u00e1s de 3.000 j\u00f3venes.<br>En este sentido, el municipio busca seguir afianzando la formaci\u00f3n y generaci\u00f3n de mano de obra calificada, ofreciendo capacitaciones en \u00e1reas con r\u00e1pida salida laboral y amplia demanda c\u00f3mo lo son aquellos vinculados con los empleos verdes, turismo y gastronom\u00eda, econom\u00eda del conocimiento y servicio y obras generales. De esta manera, se avanza en la transformaci\u00f3n de Corrientes en una ciudad de oportunidades y con desarrollo econ\u00f3mico.<br>Del acto desarrollado en la sede de la Asociaci\u00f3n de la Producci\u00f3n, Industria y Comercio de Corrientes (Apicc) participaron el titular de la entidad empresarial, Augusto Massochi y los secretarios de Desarrollo Econ\u00f3mico, Francisco Ingaramo, y de Ambiente y Desarrollo Sustentable, Ignacio Maldonado Yonna.<br><br>OPORTUNIDAD DE CRECIMIENTO<br>\u201cApuntamos y queremos que los j\u00f3venes se queden y desarrollen en la ciudad\u201d, afirm\u00f3 en la jornada el intendente para \u201cpoder contar con un mayor crecimiento, basado en habilidades y conocimiento.\u201d<br>Adem\u00e1s, remarc\u00f3 la importancia de articular acciones con el sector privado y por ello \u201cpensamos en cuatro ejes para potenciar la ciudad adaptando los oficios a las necesidades y vocaci\u00f3n de los j\u00f3venes\u201d.<br><br>APUESTA A LOS OFICIOS<br>En tanto, el secretario de Desarrollo Econ\u00f3mico Francisco Ingaramo hizo hincapi\u00e9 en la importancia de la inserci\u00f3n en el mercado laboral ya que \u201ces fundamental crecer y desarrollarse en nuestra ciudad\u201d.<br>A continuaci\u00f3n, destac\u00f3 la importancia de la econom\u00eda del conocimiento en cada uno de los ejes que se desarrollar\u00e1n.<br>Finalmente, resalt\u00f3 la cercan\u00eda del Municipio con cada uno de los barrios y anunci\u00f3 que \u201cvamos a dar m\u00e1s espacios en los Centro Integrador Comunitario (CIC) para abarcar el mayor n\u00famero de j\u00f3venes de la ciudad\u201d.<br><br>ARTICULACION CON EL SECTOR PRIVADO<br>Por su parte, el presidente de la Apicc, Augusto Massochi coment\u00f3 que \u201cestamos muy contentos de abrir las puertas en estas oportunidades que benefician a la ciudad ya que tenemos que apostar a los j\u00f3venes con mano de obra\u201d.<\/p>\n\n\n\n<figure class=\"wp-block-embed is-type-video is-provider-youtube wp-block-embed-youtube wp-embed-aspect-16-9 wp-has-aspect-ratio\"><div class=\"wp-block-embed__wrapper\">\n<iframe loading=\"lazy\" title=\"Lanzamiento oficial de los Cursos de Oficio y Capacitaci\u00f3n de la Oficina de Empleo\" width=\"1110\" height=\"624\" src=\"https:\/\/www.youtube.com\/embed\/XsCpapPwGY0?feature=oembed\" frameborder=\"0\" allow=\"accelerometer; autoplay; clipboard-write; encrypted-media; gyroscope; picture-in-picture; web-share\" allowfullscreen><\/iframe>\n<\/div><\/figure>\n\n\n\n<figure class=\"wp-block-image size-large\"><img loading=\"lazy\" decoding=\"async\" width=\"1024\" height=\"682\" src=\"https:\/\/corrientesdetarde.com\/wp-content\/uploads\/2024\/03\/image-153-1024x682.png\" alt=\"\" class=\"wp-image-130938\" srcset=\"https:\/\/corrientesdetarde.com\/wp-content\/uploads\/2024\/03\/image-153-1024x682.png 1024w, https:\/\/corrientesdetarde.com\/wp-content\/uploads\/2024\/03\/image-153-300x200.png 300w, https:\/\/corrientesdetarde.com\/wp-content\/uploads\/2024\/03\/image-153-768x512.png 768w, https:\/\/corrientesdetarde.com\/wp-content\/uploads\/2024\/03\/image-153.png 1280w\" sizes=\"auto, (max-width: 1024px) 100vw, 1024px\" \/><\/figure>\n\n\n\n<figure class=\"wp-block-image size-large\"><img loading=\"lazy\" decoding=\"async\" width=\"1024\" height=\"682\" src=\"https:\/\/corrientesdetarde.com\/wp-content\/uploads\/2024\/03\/image-154-1024x682.png\" alt=\"\" class=\"wp-image-130939\" srcset=\"https:\/\/corrientesdetarde.com\/wp-content\/uploads\/2024\/03\/image-154-1024x682.png 1024w, https:\/\/corrientesdetarde.com\/wp-content\/uploads\/2024\/03\/image-154-300x200.png 300w, https:\/\/corrientesdetarde.com\/wp-content\/uploads\/2024\/03\/image-154-768x512.png 768w, https:\/\/corrientesdetarde.com\/wp-content\/uploads\/2024\/03\/image-154.png 1280w\" sizes=\"auto, (max-width: 1024px) 100vw, 1024px\" \/><\/figure>\n\n\n\n<figure class=\"wp-block-image size-large\"><img loading=\"lazy\" decoding=\"async\" width=\"1024\" height=\"682\" src=\"https:\/\/corrientesdetarde.com\/wp-content\/uploads\/2024\/03\/image-155-1024x682.png\" alt=\"\" class=\"wp-image-130940\" srcset=\"https:\/\/corrientesdetarde.com\/wp-content\/uploads\/2024\/03\/image-155-1024x682.png 1024w, https:\/\/corrientesdetarde.com\/wp-content\/uploads\/2024\/03\/image-155-300x200.png 300w, https:\/\/corrientesdetarde.com\/wp-content\/uploads\/2024\/03\/image-155-768x512.png 768w, https:\/\/corrientesdetarde.com\/wp-content\/uploads\/2024\/03\/image-155.png 1280w\" sizes=\"auto, (max-width: 1024px) 100vw, 1024px\" \/><\/figure>\n","protected":false},"excerpt":{"rendered":"<p>El intendente oficializ\u00f3 la continuidad de la oferta laboral de instrucci\u00f3n t\u00e9cnica y profesional que beneficiar\u00e1 a 3.000 j\u00f3venes de la ciudad. Estos tendr\u00e1n a disposici\u00f3n diversas alternativas para formarse&hellip; <\/p>\n","protected":false},"author":8,"featured_media":130937,"comment_status":"closed","ping_status":"open","sticky":false,"template":"","format":"standard","meta":{"footnotes":""},"categories":[17],"tags":[],"class_list":["post-130936","post","type-post","status-publish","format-standard","has-post-thumbnail","hentry","category-sociales"],"_links":{"self":[{"href":"https:\/\/corrientesdetarde.com\/index.php\/wp-json\/wp\/v2\/posts\/130936","targetHints":{"allow":["GET"]}}],"collection":[{"href":"https:\/\/corrientesdetarde.com\/index.php\/wp-json\/wp\/v2\/posts"}],"about":[{"href":"https:\/\/corrientesdetarde.com\/index.php\/wp-json\/wp\/v2\/types\/post"}],"author":[{"embeddable":true,"href":"https:\/\/corrientesdetarde.com\/index.php\/wp-json\/wp\/v2\/users\/8"}],"replies":[{"embeddable":true,"href":"https:\/\/corrientesdetarde.com\/index.php\/wp-json\/wp\/v2\/comments?post=130936"}],"version-history":[{"count":1,"href":"https:\/\/corrientesdetarde.com\/index.php\/wp-json\/wp\/v2\/posts\/130936\/revisions"}],"predecessor-version":[{"id":130941,"href":"https:\/\/corrientesdetarde.com\/index.php\/wp-json\/wp\/v2\/posts\/130936\/revisions\/130941"}],"wp:featuredmedia":[{"embeddable":true,"href":"https:\/\/corrientesdetarde.com\/index.php\/wp-json\/wp\/v2\/media\/130937"}],"wp:attachment":[{"href":"https:\/\/corrientesdetarde.com\/index.php\/wp-json\/wp\/v2\/media?parent=130936"}],"wp:term":[{"taxonomy":"category","embeddable":true,"href":"https:\/\/corrientesdetarde.com\/index.php\/wp-json\/wp\/v2\/categories?post=130936"},{"taxonomy":"post_tag","embeddable":true,"href":"https:\/\/corrientesdetarde.com\/index.php\/wp-json\/wp\/v2\/tags?post=130936"}],"curies":[{"name":"wp","href":"https:\/\/api.w.org\/{rel}","templated":true}]}}