{"id":130948,"date":"2024-03-07T14:08:24","date_gmt":"2024-03-07T17:08:24","guid":{"rendered":"https:\/\/corrientesdetarde.com\/?p=130948"},"modified":"2024-03-07T14:08:25","modified_gmt":"2024-03-07T17:08:25","slug":"presentaron-actividades-por-el-dia-internacional-de-la-mujer-en-goya","status":"publish","type":"post","link":"https:\/\/corrientesdetarde.com\/index.php\/sociales\/presentaron-actividades-por-el-dia-internacional-de-la-mujer-en-goya\/","title":{"rendered":"Presentaron actividades por el D\u00eca Internacional de la Mujer en Goya"},"content":{"rendered":"\n<p>El 8 de marzo, D\u00eda Internacional de la Mujer Trabajadora, ser\u00e1 asueto para las empleadas municipales.<\/p>\n\n\n\n<p>El pr\u00f3ximo viernes 8 de marzo, la ciudad de Goya se prepara para celebrar el D\u00eda Internacional de la Mujer Trabajadora con una jornada cultural llena de actividades significativas y emotivas. Bajo el lema \u201cMujeres Abriendo Caminos\u201d, diferentes \u00e1reas municipales se unen para visibilizar la tem\u00e1tica de la violencia de g\u00e9nero y promover la igualdad de oportunidades. Por tal motivo este lunes en el Sal\u00f3n de Acuerdos de la Municipalidad de Goya, se hizo una conferencia de prensa para brindar m\u00e1s detalles.<\/p>\n\n\n\n<p>Seg\u00fan se inform\u00f3 la jornada comenzar\u00e1 el viernes por la ma\u00f1ana con el izamiento de la bandera, la entonaci\u00f3n del Himno Nacional y la realizaci\u00f3n de un mural en conmemoraci\u00f3n de la Ley Micaela, en reconocimiento a su lucha por los derechos de las mujeres. Este acto simb\u00f3lico marcar\u00e1 el inicio de una jornada cargada de emociones y reflexiones.<\/p>\n\n\n\n<p>Por la tarde, todas las \u00e1reas municipales se unir\u00e1n para llevar a cabo una peatonal en la calle Mariano I Loza.<\/p>\n\n\n\n<p>La jornada cultural tambi\u00e9n contar\u00e1 con la participaci\u00f3n de artistas que ser\u00e1n convocados especialmente para visibilizar la tem\u00e1tica de la violencia de g\u00e9nero a trav\u00e9s de su arte. La Casa de la Cultura ser\u00e1 el escenario de una feria artesanal donde se exhibir\u00e1n obras de emprendedores locales y se promover\u00e1 la cultura como herramienta de transformaci\u00f3n social.<\/p>\n\n\n\n<p>La Municipalidad de Goya, a trav\u00e9s de diferentes Secretar\u00edas, Direcciones y \u00e1reas, se compromete a generar conciencia y promover la igualdad de oportunidades para todas las mujeres. La importancia de este evento va m\u00e1s all\u00e1 de un solo d\u00eda, ya que busca impulsar un cambio cultural y social que perdure en el tiempo.<\/p>\n\n\n\n<p>En palabras del intendente Mariano Hormaechea: \u201cQueremos poner sobre la mesa el tema del cuidado del medio ambiente y la concientizaci\u00f3n, pero tambi\u00e9n la problem\u00e1tica de g\u00e9nero y violencia contra la mujer. Es una pol\u00edtica de Estado que vamos a seguir profundizando\u201d.<\/p>\n\n\n\n<p>La Direcci\u00f3n de la Mujer, encabezada por Agustina Montenegro, se enorgullece del trabajo realizado y destaca la importancia de compartir esta jornada cultural con toda la comunidad. \u201cQueremos mostrar el trabajo que venimos haciendo en la Direcci\u00f3n de la Mujer y generar concientizaci\u00f3n en relaci\u00f3n a esta problem\u00e1tica\u201d, afirma Montenegro.<\/p>\n\n\n\n<p>DIRECTORA DE LA MUJER<\/p>\n\n\n\n<p>En sus declaraciones, la Directora de la Mujer, Agostina Montenegro, destac\u00f3 la importancia de este evento y mencion\u00f3 que \u201cesto surge de todo el trabajo que venimos haciendo en la Direcci\u00f3n de la Mujer con la colaboraci\u00f3n de distintas \u00e1reas municipales dentro de la Secretar\u00eda de Desarrollo Humano. Dentro de las actividades, tenemos como objetivos promover y fomentar la empleabilidad de la mujer, trabajar en las brechas de g\u00e9nero existentes en la Argentina y en Corrientes, y en el empoderamiento de la mujer como herramienta para combatir la violencia dom\u00e9stica, uno de los tipos m\u00e1s recurrentes\u201d.<\/p>\n\n\n\n<p>Montenegro tambi\u00e9n comparti\u00f3 detalles sobre las actividades que se llevar\u00e1n a cabo durante la jornada y resalt\u00f3 la importancia de visibilizar el trabajo que se viene realizando en la Direcci\u00f3n de la Mujer. Afirm\u00f3: \u201cQueremos mostrar el trabajo que venimos haciendo en la Direcci\u00f3n de la Mujer y compartir la jornada cultural que se har\u00e1 el viernes en la plaza. Me parece importante trabajar en la concientizaci\u00f3n y formaci\u00f3n dentro de la administraci\u00f3n municipal, generando los escenarios, capacitaciones o un plan de informaci\u00f3n en todo lo que significa esta problem\u00e1tica\u201d.<\/p>\n\n\n\n<p>DESARROLLO HUMANO<\/p>\n\n\n\n<p>El Secretario de Desarrollo Humano, Julio Canteros, resalt\u00f3 el trabajo que se viene realizando en cuanto a la difusi\u00f3n y atenci\u00f3n de la familia y de las mujeres que padecen violencia de g\u00e9nero. Coment\u00f3: \u201cEste es uno de los ejes en los que venimos trabajando desde la asunci\u00f3n del Intendente Mariano Hormaechea que pidi\u00f3 trabajar en el tema de la inclusi\u00f3n, y todo el trabajo que se hace en cuanto a la difusi\u00f3n y atenci\u00f3n de la familia y de las mujeres que padecen violencia de g\u00e9nero y el colectivo LGBTQY+, para hacer visible el trabajo que se viene haciendo\u201d.<\/p>\n\n\n\n<p>INTENDENTE HORMAECHEA<\/p>\n\n\n\n<p>Por su parte, el intendente Mariano Hormaechea destac\u00f3 la importancia de abordar la tem\u00e1tica de g\u00e9nero y violencia contra la mujer. Expres\u00f3: \u201cEsta tem\u00e1tica ha sido uno de los ejes centrales que nos hab\u00edan planteado desde el inicio de la gesti\u00f3n municipal. Es un tema sensible, complejo. Vivimos en una sociedad con prejuicios sobre la cuesti\u00f3n de g\u00e9nero y violencia contra la mujer. Desde la Direcci\u00f3n de la Mujer se viene planteando un plan de acciones concretas, donde lo que intentamos es poner esa problem\u00e1tica arriba de la mesa, de generar concientizaci\u00f3n, de ir rompiendo barreras que tenemos como sociedad\u201d.<\/p>\n\n\n\n<p>\u201cVamos generando los escenarios, las capacitaciones o un plan de informaci\u00f3n en todo lo que significa esa tem\u00e1tica, tomando algunas decisiones que a veces son dif\u00edciles por esos prejuicios que tenemos y que tenemos que trabajar todos juntos para que podamos ir superando las barreras. Esto tiene que ser una pol\u00edtica de Estado que vamos a seguir profundizando. Me parece importante poner sobre la mesa el tema del cuidado del medio ambiente que tiene que ser otra pol\u00edtica que va de la mano de la concientizaci\u00f3n\u201d, indic\u00f3 el jefe comunal.<\/p>\n\n\n\n<p>Al tiempo adelant\u00f3 que, \u201cel viernes 8 de marzo se otorgar\u00e1 feria administrativa a las mujeres dependientes del municipio para que puedan celebrar\u201d.<\/p>\n\n\n\n<p>PAGO DE BONO<\/p>\n\n\n\n<p>Sobre el pago de 50 mil pesos que anunci\u00f3 en su discurso de apertura de sesiones en el Concejo Deliberante el intendente Hormaechea coment\u00f3: \u201cDecidimos dar un bono especial \u00fanico de 50 mil pesos, para acompa\u00f1ar este momento complejo que vivimos desde el punto de vista econ\u00f3mico, va a estar destinado a todos los empleados, ya sea planta permanente, contratados, por dia y por expedintes\u201d, finaliz\u00f3 Mariano Hormaechea.<\/p>\n\n\n\n<p>DIRECCI\u00d3N DE CULTURA<\/p>\n\n\n\n<p>Asimismo, el Director de Cultura, Manuel Zampar, precis\u00f3 lo que har\u00e1 su \u00e1rea en la jornada del viernes. \u201cEn la Plaza Mitre, la escuela de danza nativas el viernes en la Casa de la Cultura, el d\u00eda viernes y s\u00e1bado habr\u00e1 una expo artesanal como se hace todos los a\u00f1os, que no est\u00e1n agrupados en ninguna de las asociaciones que existen, y el d\u00eda viernes vamos a tener una pe\u00f1a en adhesi\u00f3n al D\u00eda de la Mujer. Va a estar la Orquesta municipal acompa\u00f1ada por voces femeninas: Selva Vera, Alejandra Fern\u00e1ndez Moro, y varias m\u00e1s, e integrantes del taller de canto de la escuela de m\u00fasica\u201d.<\/p>\n\n\n\n<p>DIRECCI\u00d3N DE EMPLEO<\/p>\n\n\n\n<p>Adem\u00e1s, el Director de Empleo. Dami\u00e1n Pini precis\u00f3 que \u201cvamos a hacer una capacitaci\u00f3n en formaci\u00f3n de curr\u00edculum vitae, y para eso brindarle las herramientas de la bolsa de trabajo y darle difusi\u00f3n que es importante tener en cuenta. A trav\u00e9s de eso hemos obtenido un 22 por ciento de inserci\u00f3n laboral, y al ser digital est\u00e1 abierto a todos\u201d.<\/p>\n\n\n\n<p>MOVILIDAD URBANA<\/p>\n\n\n\n<p>Conjuntamente, el Director de Movilidad, Agust\u00edn Riveira, mencion\u00f3 que acompa\u00f1ar\u00e1n la jornada con una peatonal sobre calle Mariano I. Loza para visibilizar las actividades art\u00edsticas.<\/p>\n\n\n\n<p>SECRETARIA DE EDUCACION<\/p>\n\n\n\n<p>Sonia Espina, Secretar\u00eda de Educaci\u00f3n del municipio mencion\u00f3 la participaci\u00f3n de su \u00e1rea en el evento y dijo: \u201cCon la escuela de artes pl\u00e1sticas participamos en el paseo de la mujer y algo espec\u00edfico sobre Lola Mora, una artista muy reconocida. Con las escuelas municipales vamos a acompa\u00f1ar el desfile que se hace un poco m\u00e1s tarde, peinaremos a todas las chicas que desfilan\u201d.<\/p>\n\n\n\n<p>PROGRAMA DE ACTIVIDADES<\/p>\n\n\n\n<p>El programa para el viernes 8 de marzo para la ma\u00f1ana:<\/p>\n\n\n\n<p>Es la siguiente: 08:30 hs. Inauguraci\u00f3n de la Expo &#8220;Mujeres Abriendo Caminos&#8221;.<\/p>\n\n\n\n<p>\uf0d8 10:30 hs. Inauguraci\u00f3n del Mural &#8220;Micaela Presente.&#8221; Conmemoraci\u00f3n por la lucha de derechos en el marco de la Ley Micaela y los desaf\u00edos que proponen nuevas normativas.<\/p>\n\n\n\n<p>1. Por la tarde:<\/p>\n\n\n\n<p>\uf0d8 18:00 hs. Concentraci\u00f3n e Inicio del Acto Conmemorativo por el d\u00eda Internacional de la Mujer.<\/p>\n\n\n\n<p>\uf0d8 18:15 hs. Palabras Alusivas de bienvenida. Recorrido del Paseo Ferial.<\/p>\n\n\n\n<p>\uf0d8 18:20 hs. Presentaci\u00f3n por parte de diferentes \u00e1reas municipales, beneficios y est\u00edmulos para la Mujer Emprendedora. Microcr\u00e9ditos, Kit Emprendedor, etc. (Dir. De Promoci\u00f3n Social y Club de Emprendedores).<\/p>\n\n\n\n<p>\uf0d8 18:45 hs. Charla\/Taller sobre armado de CV, Bolsa Digital de Trabajo. Dir. De Empleo.<\/p>\n\n\n\n<p>\uf0d8 18: 50 hs. Charla\/ Taller sobre la Mujer Rural y sus desaf\u00edos. Participaci\u00f3n especial del INTA.<\/p>\n\n\n\n<p>\uf0d8 19:10 hs. Taller de Capacitaci\u00f3n en Networking. Linkedin y nuevos paradigmas laborales para la mujer. Proyecto M.<\/p>\n\n\n\n<p>\uf0d8 19:45 hs. Muestra de parte de talleres Lidera tu vida y Rueda de Mujeres. Video.<\/p>\n\n\n\n<p>\uf0d8 20:00 hs. Inicio de Actividades Art\u00edsticas por parte de Institutos de Danzas. (2 min. Por cada Instituto).<\/p>\n\n\n\n<p>&#8211; Instituto Danzarte<\/p>\n\n\n\n<p>-Instituto Flow<\/p>\n\n\n\n<p>&#8211; Sergio Bartett.<\/p>\n\n\n\n<p>(Entre Otros).<\/p>\n\n\n\n<p>\uf0d8 20:20 hs. Banda del Ej\u00e9rcito Argentino.<\/p>\n\n\n\n<p>\uf0d8 20:35 hs. Reconocimiento Mujeres Destacadas (Merenderos).<\/p>\n\n\n\n<p>\uf0d8 20:50 hs. Obra del Equipo Remontando Vuelo.<\/p>\n\n\n\n<p>\uf0d8 21:10hs. Agradecimientos y Distinciones a Artistas del Paseo de la Mujer y Comercios participantes. Recorrida con autoridades.<\/p>\n\n\n\n<p>\uf0d8 21:30 hs. Desfile de modas y mensajes de visibilizaci\u00f3n contra la violencia de g\u00e9nero, por parte de Dionne Productora. Acompa\u00f1amiento de Reinas que forman parte de diferentes festividades.<\/p>\n\n\n\n<p>\uf0d8 21:45 hs. Palabras alusivas por parte del Intendente Municipal.<\/p>\n\n\n\n<p>\uf0d8 21:50 hs. Palabras Alusivas de Cierre y Agradecimientos. Sorteo para la Mujer.<\/p>\n\n\n\n<p>\uf0d8 22:10 hs. Grupos Musicales en Vivo en Honor al D\u00eda Internacional de la Mujer.<\/p>\n\n\n\n<p>\uf0d8 22:40 hs. Cierre del Evento.<\/p>\n","protected":false},"excerpt":{"rendered":"<p>El 8 de marzo, D\u00eda Internacional de la Mujer Trabajadora, ser\u00e1 asueto para las empleadas municipales. El pr\u00f3ximo viernes 8 de marzo, la ciudad de Goya se prepara para celebrar&hellip; <\/p>\n","protected":false},"author":1,"featured_media":130957,"comment_status":"closed","ping_status":"open","sticky":false,"template":"","format":"standard","meta":{"footnotes":""},"categories":[1658,17],"tags":[],"class_list":["post-130948","post","type-post","status-publish","format-standard","has-post-thumbnail","hentry","category-interior","category-sociales"],"_links":{"self":[{"href":"https:\/\/corrientesdetarde.com\/index.php\/wp-json\/wp\/v2\/posts\/130948","targetHints":{"allow":["GET"]}}],"collection":[{"href":"https:\/\/corrientesdetarde.com\/index.php\/wp-json\/wp\/v2\/posts"}],"about":[{"href":"https:\/\/corrientesdetarde.com\/index.php\/wp-json\/wp\/v2\/types\/post"}],"author":[{"embeddable":true,"href":"https:\/\/corrientesdetarde.com\/index.php\/wp-json\/wp\/v2\/users\/1"}],"replies":[{"embeddable":true,"href":"https:\/\/corrientesdetarde.com\/index.php\/wp-json\/wp\/v2\/comments?post=130948"}],"version-history":[{"count":1,"href":"https:\/\/corrientesdetarde.com\/index.php\/wp-json\/wp\/v2\/posts\/130948\/revisions"}],"predecessor-version":[{"id":130958,"href":"https:\/\/corrientesdetarde.com\/index.php\/wp-json\/wp\/v2\/posts\/130948\/revisions\/130958"}],"wp:featuredmedia":[{"embeddable":true,"href":"https:\/\/corrientesdetarde.com\/index.php\/wp-json\/wp\/v2\/media\/130957"}],"wp:attachment":[{"href":"https:\/\/corrientesdetarde.com\/index.php\/wp-json\/wp\/v2\/media?parent=130948"}],"wp:term":[{"taxonomy":"category","embeddable":true,"href":"https:\/\/corrientesdetarde.com\/index.php\/wp-json\/wp\/v2\/categories?post=130948"},{"taxonomy":"post_tag","embeddable":true,"href":"https:\/\/corrientesdetarde.com\/index.php\/wp-json\/wp\/v2\/tags?post=130948"}],"curies":[{"name":"wp","href":"https:\/\/api.w.org\/{rel}","templated":true}]}}