{"id":130962,"date":"2024-03-07T14:13:11","date_gmt":"2024-03-07T17:13:11","guid":{"rendered":"https:\/\/corrientesdetarde.com\/?p=130962"},"modified":"2024-03-07T14:13:16","modified_gmt":"2024-03-07T17:13:16","slug":"tensiones-en-el-concejo-deliberante-de-goya","status":"publish","type":"post","link":"https:\/\/corrientesdetarde.com\/index.php\/interior\/tensiones-en-el-concejo-deliberante-de-goya\/","title":{"rendered":"Tensiones en el Concejo Deliberante de GOYA"},"content":{"rendered":"\n<p>En una sesi\u00f3n matutina del Honorable Concejo Deliberante de Goya, se abordaron diversas tem\u00e1ticas que conciernen a la comunidad. El Orden del D\u00eda contempl\u00f3 puntos cruciales para el desarrollo y bienestar local. La reuni\u00f3n se calde\u00f3 con la presencia de trabajadoras de ANDIS y el CDR Goya que fueron despedidas para \u00abajustar el gasto p\u00fablico\u00bb.<br><br>\ud83d\udcdc El primer punto del orden del d\u00eda fue la lectura y consideraci\u00f3n de las Actas N\u00b0 1.268, 1.269, 1.270 y 1.271, documento fundamental para el seguimiento y transparencia de la gesti\u00f3n municipal.<br><br>\ud83d\udce8 Seguidamente, se trat\u00f3 el apartado de Comunicaciones oficiales y despachos de Comisiones ingresados, as\u00ed como las notas particulares recibidas. Estos elementos son vitales para mantener el flujo de informaci\u00f3n entre los distintos sectores gubernamentales y la ciudadan\u00eda.<br><br>\ud83d\udccb En el tercer punto, se abordaron los proyectos presentados en Secretar\u00eda, reflejando el compromiso del Concejo con la generaci\u00f3n de nuevas propuestas y soluciones para la comunidad.<br><br>\ud83d\udcdd Un aspecto destacado fue la consideraci\u00f3n del Proyecto de Resoluci\u00f3n integrando las comisiones de Trabajo, una medida destinada a fortalecer la colaboraci\u00f3n entre los distintos \u00e1mbitos del gobierno local.<br><br>\ud83c\udf99\ufe0f Durante el libre uso de la palabra, las trabajadoras despedidas de la Agencia Nacional de Discapacidad y del Centro de Referencia del Ministerio de Desarrollo Social de Goya hicieron o\u00edr su voz. Denunciaron el cierre del CDR y los despidos arbitrarios llevados a cabo por la administraci\u00f3n.<br><br>\ud83d\udcac El concejal Leandro Montti expres\u00f3 su preocupaci\u00f3n: &#8220;Desde el oficialismo, algunos concejales justifican el ajuste que Milei hace despidiendo trabajadores o tratan de minimizar la cuesti\u00f3n. Es una incoherencia total y por eso el libre uso de la palabra se puso un poco tenso por este tema&#8221;.<br><br>\ud83d\udce2 La sesi\u00f3n reflej\u00f3 el compromiso de los representantes locales con la justicia social y el respeto a los derechos laborales. La defensa de los trabajadores despedidos se erige como una prioridad en la agenda pol\u00edtica de la ciudad.<\/p>\n","protected":false},"excerpt":{"rendered":"<p>En una sesi\u00f3n matutina del Honorable Concejo Deliberante de Goya, se abordaron diversas tem\u00e1ticas que conciernen a la comunidad. El Orden del D\u00eda contempl\u00f3 puntos cruciales para el desarrollo y&hellip; <\/p>\n","protected":false},"author":8,"featured_media":130963,"comment_status":"closed","ping_status":"open","sticky":false,"template":"","format":"standard","meta":{"footnotes":""},"categories":[1658],"tags":[],"class_list":["post-130962","post","type-post","status-publish","format-standard","has-post-thumbnail","hentry","category-interior"],"_links":{"self":[{"href":"https:\/\/corrientesdetarde.com\/index.php\/wp-json\/wp\/v2\/posts\/130962","targetHints":{"allow":["GET"]}}],"collection":[{"href":"https:\/\/corrientesdetarde.com\/index.php\/wp-json\/wp\/v2\/posts"}],"about":[{"href":"https:\/\/corrientesdetarde.com\/index.php\/wp-json\/wp\/v2\/types\/post"}],"author":[{"embeddable":true,"href":"https:\/\/corrientesdetarde.com\/index.php\/wp-json\/wp\/v2\/users\/8"}],"replies":[{"embeddable":true,"href":"https:\/\/corrientesdetarde.com\/index.php\/wp-json\/wp\/v2\/comments?post=130962"}],"version-history":[{"count":1,"href":"https:\/\/corrientesdetarde.com\/index.php\/wp-json\/wp\/v2\/posts\/130962\/revisions"}],"predecessor-version":[{"id":130964,"href":"https:\/\/corrientesdetarde.com\/index.php\/wp-json\/wp\/v2\/posts\/130962\/revisions\/130964"}],"wp:featuredmedia":[{"embeddable":true,"href":"https:\/\/corrientesdetarde.com\/index.php\/wp-json\/wp\/v2\/media\/130963"}],"wp:attachment":[{"href":"https:\/\/corrientesdetarde.com\/index.php\/wp-json\/wp\/v2\/media?parent=130962"}],"wp:term":[{"taxonomy":"category","embeddable":true,"href":"https:\/\/corrientesdetarde.com\/index.php\/wp-json\/wp\/v2\/categories?post=130962"},{"taxonomy":"post_tag","embeddable":true,"href":"https:\/\/corrientesdetarde.com\/index.php\/wp-json\/wp\/v2\/tags?post=130962"}],"curies":[{"name":"wp","href":"https:\/\/api.w.org\/{rel}","templated":true}]}}