{"id":131098,"date":"2024-03-08T10:52:14","date_gmt":"2024-03-08T13:52:14","guid":{"rendered":"https:\/\/corrientesdetarde.com\/?p=131098"},"modified":"2024-03-08T10:52:58","modified_gmt":"2024-03-08T13:52:58","slug":"ordenan-a-osde-frenar-el-aumento-de-la-cuota-de-un-menor-con-autismo","status":"publish","type":"post","link":"https:\/\/corrientesdetarde.com\/index.php\/sociales\/ordenan-a-osde-frenar-el-aumento-de-la-cuota-de-un-menor-con-autismo\/","title":{"rendered":"Ordenan a OSDE frenar el aumento de la cuota de un menor con autismo"},"content":{"rendered":"\n<p>La C\u00e1mara Federal de Corrientes hizo lugar a una cautelar y orden\u00f3 a OSDE que abstenga a aplicar un incremento del 70 por ciento en la cuota de la prepaga de un menor que padece autismo y trastorno del desarrollo.<\/p>\n\n\n\n<p>El abogado Mat\u00edas Aquino Viudes coment\u00f3 que OSDE aument\u00f3 en febrero la cuota a 355 mil pesos cuando en diciembre el valor era $200 mil.<\/p>\n\n\n\n<p>&#8220;Esto va a marcar un hito y\u00a0 , asegur\u00f3 el mencionado letrado sobre el fallo que fren\u00f3 el exagerado aumento en la prepaga.<\/p>\n\n\n\n<p>A su vez, indic\u00f3 que el menor sigue bajo la cobertura de la prepaga y que la medida cautelar se cumpli\u00f3 de manera inmediata. &#8220;Hoy tiene una cuota congelada y el aumento no le har\u00e1 efecto mientras contin\u00fae la medida&#8221;, aclar\u00f3 Aquino Viudes. &nbsp;&nbsp;<\/p>\n","protected":false},"excerpt":{"rendered":"<p>La C\u00e1mara Federal de Corrientes hizo lugar a una cautelar y orden\u00f3 a OSDE que abstenga a aplicar un incremento del 70 por ciento en la cuota de la prepaga&hellip; <\/p>\n","protected":false},"author":12,"featured_media":131110,"comment_status":"closed","ping_status":"open","sticky":false,"template":"","format":"standard","meta":{"footnotes":""},"categories":[17],"tags":[],"class_list":["post-131098","post","type-post","status-publish","format-standard","has-post-thumbnail","hentry","category-sociales"],"_links":{"self":[{"href":"https:\/\/corrientesdetarde.com\/index.php\/wp-json\/wp\/v2\/posts\/131098","targetHints":{"allow":["GET"]}}],"collection":[{"href":"https:\/\/corrientesdetarde.com\/index.php\/wp-json\/wp\/v2\/posts"}],"about":[{"href":"https:\/\/corrientesdetarde.com\/index.php\/wp-json\/wp\/v2\/types\/post"}],"author":[{"embeddable":true,"href":"https:\/\/corrientesdetarde.com\/index.php\/wp-json\/wp\/v2\/users\/12"}],"replies":[{"embeddable":true,"href":"https:\/\/corrientesdetarde.com\/index.php\/wp-json\/wp\/v2\/comments?post=131098"}],"version-history":[{"count":2,"href":"https:\/\/corrientesdetarde.com\/index.php\/wp-json\/wp\/v2\/posts\/131098\/revisions"}],"predecessor-version":[{"id":131112,"href":"https:\/\/corrientesdetarde.com\/index.php\/wp-json\/wp\/v2\/posts\/131098\/revisions\/131112"}],"wp:featuredmedia":[{"embeddable":true,"href":"https:\/\/corrientesdetarde.com\/index.php\/wp-json\/wp\/v2\/media\/131110"}],"wp:attachment":[{"href":"https:\/\/corrientesdetarde.com\/index.php\/wp-json\/wp\/v2\/media?parent=131098"}],"wp:term":[{"taxonomy":"category","embeddable":true,"href":"https:\/\/corrientesdetarde.com\/index.php\/wp-json\/wp\/v2\/categories?post=131098"},{"taxonomy":"post_tag","embeddable":true,"href":"https:\/\/corrientesdetarde.com\/index.php\/wp-json\/wp\/v2\/tags?post=131098"}],"curies":[{"name":"wp","href":"https:\/\/api.w.org\/{rel}","templated":true}]}}