{"id":131249,"date":"2024-03-09T07:59:56","date_gmt":"2024-03-09T10:59:56","guid":{"rendered":"https:\/\/corrientesdetarde.com\/?p=131249"},"modified":"2024-03-09T08:00:08","modified_gmt":"2024-03-09T11:00:08","slug":"somos-un-pais-federal-no-venimos-a-mendigar-a-buenos-aires","status":"publish","type":"post","link":"https:\/\/corrientesdetarde.com\/index.php\/politica\/somos-un-pais-federal-no-venimos-a-mendigar-a-buenos-aires\/","title":{"rendered":"&#8220;Somos un pa\u00eds federal, no venimos a mendigar a Buenos Aires&#8221;"},"content":{"rendered":"\n<p>El Gobernador de Corrientes dijo que el encuentro entre los mandatarios provinciales y los funcionarios de Milei fue &#8220;muy positivo&#8221;. Insisti\u00f3 en la necesidad de que el Gobierno nacional reponga los fondos que se recortaron de la coparticipaci\u00f3n federal.<\/p>\n\n\n\n<p>Tras el encuentro de los gobernadores con los funcionarios nacionales en la Casa Rosada, Gustavo Vald\u00e9s, particip\u00f3 de un programa period\u00edstico en el canal de noticias La Naci\u00f3n+. En la entrevista, en la que adem\u00e1s estuvieron Ignacio Torres y Leandro Zdero (Chubut y Chaco), el Mandatario correntino analiz\u00f3 los pormenores del encuentro e hizo hincapi\u00e9 en la necesidad de que la administraci\u00f3n encabezada por el presidente, Javier Milei, reponga los recursos que fueron podados de la coparticipaci\u00f3n.<\/p>\n\n\n\n<p>Sobre el encuentro en s\u00ed, Vald\u00e9s dijo que fue muy positivo, que los gobernadores pudieron hablar, comentar y debatir las propuestas del Gobierno nacional, de cara al proceso que culminar\u00eda con la firma del Pacto de Mayo, el 25 de ese mes en C\u00f3rdoba.<\/p>\n\n\n\n<p>Vald\u00e9s insisti\u00f3 en que existe un &#8220;unitarismo fiscal&#8221; y que la Naci\u00f3n utiliza los recursos para &#8220;castigar y disciplinar a las provincias&#8221;. Record\u00f3 que el Impuesto Pa\u00eds se cre\u00f3 &#8220;hace poco y lo pagamos todos los argentinos, pero termina exclusivamente en el bolsillo de Naci\u00f3n&#8221;.<\/p>\n\n\n\n<p>Record\u00f3 que en 2023 los legisladores nacionales del oficialismo correntino votaron en contra de suprimir el Impuesto a las Ganancias y que apoyar\u00edan su reinstalaci\u00f3n bajo el nombre de Impuesto a los Ingresos. Pero se\u00f1al\u00f3 que &#8220;no hay consenso&#8221; ni en las provincias ni en las c\u00e1maras legislativas.<\/p>\n\n\n\n<p>Se\u00f1al\u00f3, entonces, que la eliminaci\u00f3n del Impuesto a las Ganancias signific\u00f3 una notable reducci\u00f3n en los recursos por coparticipaci\u00f3n que reciben las provincias. En este punto, coment\u00f3 que le comunicaron a los funcionarios de Milei, que el Gobierno nacional &#8220;est\u00e1 obligado a restituir a la masa coparticipable lo que se redujo. Se lo demandamos a la Naci\u00f3n, por eso somos un pa\u00eds federal, no venimos a mendigar a Buenos Aires&#8221;, asever\u00f3 enf\u00e1ticamente.<\/p>\n\n\n\n<figure class=\"wp-block-image\"><img decoding=\"async\" src=\"https:\/\/www.diarioepoca.com\/content\/bucket\/7\/1351887w380h466c.jpg.webp\" alt=\"\"\/><\/figure>\n\n\n\n<p>&#8220;Desde hace a\u00f1os que Corrientes tiene super\u00e1vit. Construimos un estado eficiente. Sin embargo, cortes intempestivos en nuestro presupuesto (como la eliminaci\u00f3n de los recursos que a la Provincia le correspond\u00edan por el Impuesto a las Ganancias) hace que lo paguemos con un freno al desarrollo&#8221;, analiz\u00f3.<\/p>\n\n\n\n<p>Al debatir uno de los puntos que se present\u00f3 en el c\u00f3nclave entre los funcionarios nacionales y los gobernadores, dijo que no tiene problemas con la posible privatizaci\u00f3n de Aerol\u00edneas Argentinas. Aunque agreg\u00f3 que solo es un t\u00edtulo y que es necesario que funcionarios y legisladores analicen a conciencia la posibilidad. &#8220;Lo que s\u00ed no podemos permitir es que una empresa del Estado tenga 5.000 millones de d\u00f3lares por a\u00f1o de p\u00e9rdida&#8221;, concluy\u00f3.<\/p>\n","protected":false},"excerpt":{"rendered":"<p>El Gobernador de Corrientes dijo que el encuentro entre los mandatarios provinciales y los funcionarios de Milei fue &#8220;muy positivo&#8221;. Insisti\u00f3 en la necesidad de que el Gobierno nacional reponga&hellip; <\/p>\n","protected":false},"author":3,"featured_media":131250,"comment_status":"closed","ping_status":"open","sticky":false,"template":"","format":"standard","meta":{"footnotes":""},"categories":[3],"tags":[],"class_list":["post-131249","post","type-post","status-publish","format-standard","has-post-thumbnail","hentry","category-politica"],"_links":{"self":[{"href":"https:\/\/corrientesdetarde.com\/index.php\/wp-json\/wp\/v2\/posts\/131249","targetHints":{"allow":["GET"]}}],"collection":[{"href":"https:\/\/corrientesdetarde.com\/index.php\/wp-json\/wp\/v2\/posts"}],"about":[{"href":"https:\/\/corrientesdetarde.com\/index.php\/wp-json\/wp\/v2\/types\/post"}],"author":[{"embeddable":true,"href":"https:\/\/corrientesdetarde.com\/index.php\/wp-json\/wp\/v2\/users\/3"}],"replies":[{"embeddable":true,"href":"https:\/\/corrientesdetarde.com\/index.php\/wp-json\/wp\/v2\/comments?post=131249"}],"version-history":[{"count":1,"href":"https:\/\/corrientesdetarde.com\/index.php\/wp-json\/wp\/v2\/posts\/131249\/revisions"}],"predecessor-version":[{"id":131251,"href":"https:\/\/corrientesdetarde.com\/index.php\/wp-json\/wp\/v2\/posts\/131249\/revisions\/131251"}],"wp:featuredmedia":[{"embeddable":true,"href":"https:\/\/corrientesdetarde.com\/index.php\/wp-json\/wp\/v2\/media\/131250"}],"wp:attachment":[{"href":"https:\/\/corrientesdetarde.com\/index.php\/wp-json\/wp\/v2\/media?parent=131249"}],"wp:term":[{"taxonomy":"category","embeddable":true,"href":"https:\/\/corrientesdetarde.com\/index.php\/wp-json\/wp\/v2\/categories?post=131249"},{"taxonomy":"post_tag","embeddable":true,"href":"https:\/\/corrientesdetarde.com\/index.php\/wp-json\/wp\/v2\/tags?post=131249"}],"curies":[{"name":"wp","href":"https:\/\/api.w.org\/{rel}","templated":true}]}}