{"id":131252,"date":"2024-03-09T08:01:07","date_gmt":"2024-03-09T11:01:07","guid":{"rendered":"https:\/\/corrientesdetarde.com\/?p=131252"},"modified":"2024-03-09T08:01:19","modified_gmt":"2024-03-09T11:01:19","slug":"gobernadores-con-nacion-se-inicio-el-dialogo-con-la-ley-bases-al-frente","status":"publish","type":"post","link":"https:\/\/corrientesdetarde.com\/index.php\/politica\/gobernadores-con-nacion-se-inicio-el-dialogo-con-la-ley-bases-al-frente\/","title":{"rendered":"Gobernadores con Naci\u00f3n: se inici\u00f3 el di\u00e1logo con la Ley Bases al frente"},"content":{"rendered":"\n<p>Con la participaci\u00f3n de una veintena de gobernadores \u0096entre ellos Vald\u00e9s-, el Jefe de Gobierno porte\u00f1o y cuatro vices, comenz\u00f3 la negociaci\u00f3n comandada por ministros nacionales. Pidieron reflotar la Ley \u00d3mnibus y se prometi\u00f3 alivio fiscal, pero no hubo acuerdo por Ganancias.<\/p>\n\n\n\n<p>Todos se sentaron a la mesa, el di\u00e1logo est\u00e1 abierto y ahora empieza a correr el tiempo de definiciones para los acuerdos necesarios. Los protagonistas: gobernadores, Jefe de gobierno porte\u00f1o y cuatro vices que representaron a sus primeros mandatarios; adem\u00e1s de dos ministros del gabinete de Javier Milei, anfitriones a los que el Presidente encomend\u00f3 la misi\u00f3n de abrir la negociaci\u00f3n.<\/p>\n\n\n\n<p>El correntino, Gustavo Vald\u00e9s, particip\u00f3 del encuentro de casi cuatro horas, ayer por la tarde en el Sal\u00f3n Eva Per\u00f3n de la Casa Rosada. Lo encabezaron el jefe de Gabinete, Nicol\u00e1s Posse, y el ministro del Interior, Guillermo Francos.<\/p>\n\n\n\n<p>Durante el c\u00f3nclave, el Gobierno nacional insisti\u00f3 con la necesidad de avanzar con una nueva versi\u00f3n de la famosa Ley Bases que se desplom\u00f3 en la C\u00e1mara de Diputados. El oficialismo tambi\u00e9n plante\u00f3 restituir la cuarta categor\u00eda del impuesto a las Ganancias, &#8220;pero un grupo de gobernadores se opuso a esta segunda posibilidad&#8221;, contaron en una nota del diario La Naci\u00f3n.<\/p>\n\n\n\n<p>Asimismo, en el encuentro se acord\u00f3 armar dos comisiones: una para identificar los pedidos de las provincias y una segunda para establecer los proyectos que la Casa Rosada enviar\u00e1 al Congreso.<\/p>\n\n\n\n<figure class=\"wp-block-image\"><img decoding=\"async\" src=\"https:\/\/www.diarioepoca.com\/content\/bucket\/6\/1351906w380h132c.jpg.webp\" alt=\"\"\/><\/figure>\n\n\n\n<p>Tras la reuni\u00f3n, el ministro Francos y los gobernadores, Rogelio Frigerio (Entre R\u00edos) y Osvaldo Jaldo (Tucum\u00e1n) se presentaron en una conferencia de prensa. &#8220;El Gobierno nacional nos entreg\u00f3 la Ley Bases condensada y ahora es el Congreso de la Naci\u00f3n el que tiene la \u00faltima palabra, pero nosotros nos hemos comprometido a colaborar porque si le va bien al Gobierno nacional, le va a ir bien a las provincias y a los argentinos&#8221;, afirm\u00f3 Jaldo.<\/p>\n\n\n\n<p>Francos, por su parte, admiti\u00f3 que hubo gobernadores que plantearon la restituci\u00f3n del Fondo del Incentivo Docente (FONID) y del Fondo Compensador del Transporte, que fueron cortados por la Casa Rosada. &#8220;En esos temas no nos pusimos de acuerdo, porque son competencia de las provincias&#8221;, advirti\u00f3 el Ministro del Interior.<\/p>\n\n\n\n<figure class=\"wp-block-image\"><img decoding=\"async\" src=\"https:\/\/www.diarioepoca.com\/content\/bucket\/7\/1351907w380h132c.jpg.webp\" alt=\"\"\/><\/figure>\n\n\n\n<p>Por otra parte, indicaron que se supo que los gobernadores peronistas se reunieron antes para acordar el discurso frente a los funcionarios de Javier Milei, quien no particip\u00f3 de la cumbre. En ese encuentro previo, los mandatarios de Uni\u00f3n por la Patria (UP) convinieron &#8220;reclamar las deudas de las provincias, no avalar la restituci\u00f3n de Ganancias y sugerir un impuesto a los grandes ingresos&#8221;.<\/p>\n\n\n\n<p>&#8220;El Gobierno pretende con los gobernadores un intercambio sencillo: acordar un paquete de fondos para las provincias a cambio de apoyos pol\u00edticos para reimpulsar la Ley Bases. Si bien en la Casa Rosada dicen que Milei quiere resucitar la Ley \u00d3mnibus \u0091completa\u0092 (con sus m\u00e1s de 600 art\u00edculos originales) lo cierto es que la intenci\u00f3n del Gobierno libertario es hacer pasar el coraz\u00f3n econ\u00f3mico del proyecto.<\/p>\n\n\n\n<p>Es decir, los cap\u00edtulos vinculados a las facultades delegadas al Poder Ejecutivo, las privatizaciones, la reorganizaci\u00f3n administrativa del Estado, las desregulaciones econ\u00f3micas y la reforma en hidrocarburos y el R\u00e9gimen de Incentivos para Grandes Inversiones (RIGI)&#8221;, explicaron.<\/p>\n\n\n\n<p>Adem\u00e1s de Posse, que se ubic\u00f3 en la cabecera de la mesa, la delegaci\u00f3n oficial estaba integrada por el ministro Francos, el secretario de Hacienda, Carlos Guberman; el de Interior, Lisandro Catal\u00e1n; y el secretario ejecutivo de Gobierno, Jos\u00e9 Rolandi, informaron fuentes oficiales. El encuentro se desarrollaba en el sal\u00f3n Eva Per\u00f3n de la Casa Rosada.<\/p>\n\n\n\n<p>Por las provincias se presentaron los gobernadores de Santiago del Estero, Gerardo Zamora; de Misiones, Hugo Passalacqua; de San Luis, Claudio Poggi; de Neuqu\u00e9n, Rolando Figueroa; de Chaco, Leandro Zdero; de Jujuy, Carlos Sadir; de San Juan, Marcelo Orrego; de C\u00f3rdoba, Mart\u00edn Llaryora; de Tierra del Fuego, Gustavo Melella; de La Pampa, Sergio Ziliotto; de Buenos Aires, Axel Kicillof; de Chubut, Ignacio Torres; de Entre R\u00edos, Rogelio Frigerio; de R\u00edo Negro, Alberto Weretilneck; de Corrientes, Gustavo Vald\u00e9s; de Tucum\u00e1n, Osvaldo Jaldo; de Salta, Gustavo S\u00e1enz; y de Catamarca, Ra\u00fal Jalil, de Santa Cruz; Claudio Vidal.<\/p>\n\n\n\n<p>Tambi\u00e9n fueron de la partida las vicegobernadoras de La Rioja, Teresita Madera; de Mendoza, Hebe Casado, y de Santa Fe, Gisela Scaglia; el vicegobernador de Formosa, Eber Sol\u00eds; y el jefe de Gobierno de la Ciudad Aut\u00f3noma de Buenos Aires, Jorge Macri.<\/p>\n\n\n\n<h2 class=\"wp-block-heading\">La previa al Pacto de Mayo, un paquete de alivio fiscal y varios puntos para negociar<\/h2>\n\n\n\n<p>El Gobierno nacional consign\u00f3 en un comunicado emitido al finalizar la cumbre en Casa Rosada que &#8220;se trat\u00f3 de una reuni\u00f3n extensa y productiva en la que se expres\u00f3 un consenso mayoritario sobre los principales puntos de la \u0091Ley de Bases y Puntos de Partida para la Libertad de los Argentinos\u0092. Asimismo, se acord\u00f3 seguir trabajando en una mesa pol\u00edtica y econ\u00f3mica para avanzar con su aprobaci\u00f3n&#8221;, asever\u00f3.<\/p>\n\n\n\n<p>Adem\u00e1s, &#8220;durante el encuentro, el Gobierno propuso promover un paquete de alivio fiscal que incluye una Moratoria Impositiva, la Modificaci\u00f3n a los Impuestos Internos al Tabaco, y la Eliminaci\u00f3n del Impuesto a la Transferencia de Inmuebles de Personas F\u00edsicas y Sucesiones Indivisas&#8221;.<\/p>\n\n\n\n<p>Por otra parte, &#8220;se convers\u00f3 acerca de cambios en la Ley de Ingresos Personales, la eliminaci\u00f3n de ciertas exenciones que aplican sobre la misma, y la modificaci\u00f3n del Monotributo, aumentando las escalas de montos de facturaci\u00f3n y cuotas fiscales. Y se propuso el impulso del R\u00e9gimen de Transparencia Fiscal al Consumidor&#8221;.<\/p>\n\n\n\n<p>Finalmente indicaron: &#8220;El Jefe de Gabinete concluy\u00f3 la reuni\u00f3n haciendo hincapi\u00e9 en que la aprobaci\u00f3n de la Ley Bases, el paquete de alivio fiscal y la firma del Pacto de Mayo&#8221;.<\/p>\n","protected":false},"excerpt":{"rendered":"<p>Con la participaci\u00f3n de una veintena de gobernadores \u0096entre ellos Vald\u00e9s-, el Jefe de Gobierno porte\u00f1o y cuatro vices, comenz\u00f3 la negociaci\u00f3n comandada por ministros nacionales. Pidieron reflotar la Ley&hellip; <\/p>\n","protected":false},"author":3,"featured_media":131253,"comment_status":"closed","ping_status":"open","sticky":false,"template":"","format":"standard","meta":{"footnotes":""},"categories":[3],"tags":[],"class_list":["post-131252","post","type-post","status-publish","format-standard","has-post-thumbnail","hentry","category-politica"],"_links":{"self":[{"href":"https:\/\/corrientesdetarde.com\/index.php\/wp-json\/wp\/v2\/posts\/131252","targetHints":{"allow":["GET"]}}],"collection":[{"href":"https:\/\/corrientesdetarde.com\/index.php\/wp-json\/wp\/v2\/posts"}],"about":[{"href":"https:\/\/corrientesdetarde.com\/index.php\/wp-json\/wp\/v2\/types\/post"}],"author":[{"embeddable":true,"href":"https:\/\/corrientesdetarde.com\/index.php\/wp-json\/wp\/v2\/users\/3"}],"replies":[{"embeddable":true,"href":"https:\/\/corrientesdetarde.com\/index.php\/wp-json\/wp\/v2\/comments?post=131252"}],"version-history":[{"count":1,"href":"https:\/\/corrientesdetarde.com\/index.php\/wp-json\/wp\/v2\/posts\/131252\/revisions"}],"predecessor-version":[{"id":131254,"href":"https:\/\/corrientesdetarde.com\/index.php\/wp-json\/wp\/v2\/posts\/131252\/revisions\/131254"}],"wp:featuredmedia":[{"embeddable":true,"href":"https:\/\/corrientesdetarde.com\/index.php\/wp-json\/wp\/v2\/media\/131253"}],"wp:attachment":[{"href":"https:\/\/corrientesdetarde.com\/index.php\/wp-json\/wp\/v2\/media?parent=131252"}],"wp:term":[{"taxonomy":"category","embeddable":true,"href":"https:\/\/corrientesdetarde.com\/index.php\/wp-json\/wp\/v2\/categories?post=131252"},{"taxonomy":"post_tag","embeddable":true,"href":"https:\/\/corrientesdetarde.com\/index.php\/wp-json\/wp\/v2\/tags?post=131252"}],"curies":[{"name":"wp","href":"https:\/\/api.w.org\/{rel}","templated":true}]}}