{"id":131255,"date":"2024-03-09T08:01:58","date_gmt":"2024-03-09T11:01:58","guid":{"rendered":"https:\/\/corrientesdetarde.com\/?p=131255"},"modified":"2024-03-09T08:01:59","modified_gmt":"2024-03-09T11:01:59","slug":"corrientes-realizo-exportaciones-por-us-234-millones-durante-2023","status":"publish","type":"post","link":"https:\/\/corrientesdetarde.com\/index.php\/economia\/corrientes-realizo-exportaciones-por-us-234-millones-durante-2023\/","title":{"rendered":"Corrientes realiz\u00f3 exportaciones por US$ 234 millones durante 2023"},"content":{"rendered":"\n<p>Los despachos de productos primarios generaron US$130 millones, las manufacturas de origen agropecuario US$79 millones y las de origen industrial $25 millones. El comparativo interanual reflej\u00f3 una ca\u00edda en los env\u00edos al exterior del orden del 14,3%.<\/p>\n\n\n\n<p>El Instituto Nacional de Estad\u00edstica y Censos (INDEC) dio a conocer, recientemente, el informe: &#8220;Origen provincial de las exportaciones&#8221; con un balance de 2023. Seg\u00fan ese reporte, Corrientes realiz\u00f3 exportaciones por un valor de 234 millones de d\u00f3lares (tuvo el 0,4% en la participaci\u00f3n nacional), lo que signific\u00f3 una baja interanual de 14,3%. Adem\u00e1s, la performance del Tarag\u00fc\u00ed represent\u00f3 el 25,4% de las exportaciones alcanzadas entre las provincias del Nordeste.<\/p>\n\n\n\n<p>En el desagregado correspondiente a este distrito, se destacaron los cereales \u0096principalmente arroz\u0096, que representaron el 41,5% de las exportaciones de la provincia y tuvo una baja interanual de 13,4%; y productos qu\u00edmicos y conexos, con 9,9% del total y una ca\u00edda de 20,7% en el per\u00edodo.<\/p>\n\n\n\n<p>Tambi\u00e9n fue relevante la participaci\u00f3n de caf\u00e9, t\u00e9, yerba mate y especias, que totalizaron el 7% de los env\u00edos correntinos. USMCA (Estados Unidos, M\u00e9xico y Canad\u00e1), Uni\u00f3n Europea y &#8220;Resto de ALADI&#8221; (Asociaci\u00f3n Latinoamericana de Integraci\u00f3n) absorbieron el 56,5% de los despachos provinciales al exterior y fueron los principales destinos, seguidos por MERCOSUR, Medio Oriente, India, China, y ASEAN (Asociaci\u00f3n de Naciones de Asia Sudoriental, con porcentajes menores.<\/p>\n\n\n\n<p>En USMCA el principal comprador fue Estados Unidos, con 85,0% de los despachos a esa zona, y en &#8220;Resto de ALADI&#8221; se destac\u00f3 Chile, con 87,0% de las compras del bloque.<\/p>\n\n\n\n<p>En tanto que el NEA export\u00f3 por 921 millones de d\u00f3lares durante el a\u00f1o pasado, lo que represent\u00f3 1,4% de las exportaciones totales argentinas y una reducci\u00f3n de 27,4% respecto de igual per\u00edodo del a\u00f1o anterior. El 79,1% exportado se concentr\u00f3 en los siguientes destinos, en orden de importancia: USMCA (con Estados Unidos absorbiendo el 84,6% de los despachos), Mercosur (el 89,2% adquirido por Brasil), China, Uni\u00f3n Europea, &#8220;Resto de ALADI&#8221; y Medio Oriente.<\/p>\n\n\n\n<p>Las ventas al exterior de la regi\u00f3n se distribuyeron entre las provincias de Misiones (39,4%), Chaco (32,9%), Corrientes (25,4%) y Formosa (2,3%). En el per\u00edodo considerado, la regi\u00f3n se caracteriz\u00f3 por el predominio de las exportaciones de productos primarios y manufacturas de origen agropecuario.<\/p>\n\n\n\n<p>La suma de ambos rubros represent\u00f3 el 84% de los despachos, seguidos de manifacturas de origen industria con el 16% restante. As\u00ed, las exportaciones de productos primarios alcanzaron los 410 millones de d\u00f3lares, con una baja interanual de 39,3%; mientras que las de manufacturas de origen agropecuario totalizaron 364 millones de d\u00f3lares y se redujeron 9,5% en relaci\u00f3n al a\u00f1o anterior. Por su parte, las exportaciones de las de origen industrial disminuyeron 22,1%, y totalizaron 148 millones de d\u00f3lares.<\/p>\n\n\n\n<p>En relaci\u00f3n con los sectores y complejos exportadores, el Nordeste tuvo un rol protag\u00f3nico en los complejos t\u00e9 y yerba mate, en los cuales concentr\u00f3 el 100,0% y 95,5 % de las exportaciones nacionales, respectivamente. Tambi\u00e9n se destacaron el complejo forestal, al que la regi\u00f3n aport\u00f3 el 55,8% de las exportaciones totales; y el arrocero con el 54,5% de los despachos argentinos al exterior.<\/p>\n","protected":false},"excerpt":{"rendered":"<p>Los despachos de productos primarios generaron US$130 millones, las manufacturas de origen agropecuario US$79 millones y las de origen industrial $25 millones. El comparativo interanual reflej\u00f3 una ca\u00edda en los&hellip; <\/p>\n","protected":false},"author":3,"featured_media":131256,"comment_status":"closed","ping_status":"open","sticky":false,"template":"","format":"standard","meta":{"footnotes":""},"categories":[20],"tags":[],"class_list":["post-131255","post","type-post","status-publish","format-standard","has-post-thumbnail","hentry","category-economia"],"_links":{"self":[{"href":"https:\/\/corrientesdetarde.com\/index.php\/wp-json\/wp\/v2\/posts\/131255","targetHints":{"allow":["GET"]}}],"collection":[{"href":"https:\/\/corrientesdetarde.com\/index.php\/wp-json\/wp\/v2\/posts"}],"about":[{"href":"https:\/\/corrientesdetarde.com\/index.php\/wp-json\/wp\/v2\/types\/post"}],"author":[{"embeddable":true,"href":"https:\/\/corrientesdetarde.com\/index.php\/wp-json\/wp\/v2\/users\/3"}],"replies":[{"embeddable":true,"href":"https:\/\/corrientesdetarde.com\/index.php\/wp-json\/wp\/v2\/comments?post=131255"}],"version-history":[{"count":1,"href":"https:\/\/corrientesdetarde.com\/index.php\/wp-json\/wp\/v2\/posts\/131255\/revisions"}],"predecessor-version":[{"id":131257,"href":"https:\/\/corrientesdetarde.com\/index.php\/wp-json\/wp\/v2\/posts\/131255\/revisions\/131257"}],"wp:featuredmedia":[{"embeddable":true,"href":"https:\/\/corrientesdetarde.com\/index.php\/wp-json\/wp\/v2\/media\/131256"}],"wp:attachment":[{"href":"https:\/\/corrientesdetarde.com\/index.php\/wp-json\/wp\/v2\/media?parent=131255"}],"wp:term":[{"taxonomy":"category","embeddable":true,"href":"https:\/\/corrientesdetarde.com\/index.php\/wp-json\/wp\/v2\/categories?post=131255"},{"taxonomy":"post_tag","embeddable":true,"href":"https:\/\/corrientesdetarde.com\/index.php\/wp-json\/wp\/v2\/tags?post=131255"}],"curies":[{"name":"wp","href":"https:\/\/api.w.org\/{rel}","templated":true}]}}