{"id":131261,"date":"2024-03-09T08:03:49","date_gmt":"2024-03-09T11:03:49","guid":{"rendered":"https:\/\/corrientesdetarde.com\/?p=131261"},"modified":"2024-03-09T08:03:50","modified_gmt":"2024-03-09T11:03:50","slug":"un-policia-de-franco-intervino-en-la-reduccion-de-un-arrebatador","status":"publish","type":"post","link":"https:\/\/corrientesdetarde.com\/index.php\/policiales\/un-policia-de-franco-intervino-en-la-reduccion-de-un-arrebatador\/","title":{"rendered":"Un polic\u00eda de franco intervino en la reducci\u00f3n de un arrebatador"},"content":{"rendered":"\n<p>El efectivo circulaba ocasionalmente con su moto cuando advirti\u00f3 el delito. Entonces fren\u00f3 para retener al delincuente, quien corr\u00eda de varias personas con un tel\u00e9fono celular reci\u00e9n sustra\u00eddo. En otro caso, un presunto ladr\u00f3n fue atrapado por &#8220;vecinos justicieros&#8221;.<\/p>\n\n\n\n<p>Un efectivo de la Polic\u00eda de Corrientes particip\u00f3 en la detenci\u00f3n de un delincuente mientras estaba en su d\u00eda de franco y de esta manera pudo recuperar un tel\u00e9fono celular arrebatado segundos antes a un peat\u00f3n.<\/p>\n\n\n\n<p>El episodio de robo se produjo en el barrio 9 de Julio de la capital provincial, precisaron fuentes de la instituci\u00f3n.<\/p>\n\n\n\n<p>El funcionario de seguridad transitaba en su motocicleta cuando fue testigo del il\u00edcito callejero.<\/p>\n\n\n\n<p>Vestido de civil, el suboficial, de nombre Guillermo, vio a lo lejos c\u00f3mo algunas personas corr\u00edan a un hombre y entonces aminor\u00f3 la marcha para intervenir, mientras se identificaba como integrante de la fuerza provincial.<\/p>\n\n\n\n<p>De acuerdo a informaci\u00f3n conocida por diario \u00e9poca, el delito en la v\u00eda p\u00fablica se produjo anteayer al mediod\u00eda en inmediaciones a la esquina de las calles Coronel Zapiola y Las Piedras.<\/p>\n\n\n\n<p>Un hombre fue damnificado en la sustracci\u00f3n de un tel\u00e9fono celular. El autor del il\u00edcito era un sujeto que andaba solo e inici\u00f3 la fuga a la carrera.<\/p>\n\n\n\n<p>A pesar del esfuerzo en tratar de alejarse de la zona, el ladr\u00f3n apenas recorri\u00f3 una corta distancia.<\/p>\n\n\n\n<p>El efectivo que reviste la jerarqu\u00eda de cabo forceje\u00f3 brevemente con \u00e9l, hasta mantenerlo inmovilizado sobre la vereda de una casa. Mientras, con su tel\u00e9fono solicit\u00f3 presencia de camaradas en servicio.<\/p>\n\n\n\n<p>De esa manera a los pocos minutos concurri\u00f3 una patrulla con autoridades de la comisar\u00eda seccional Octava.<\/p>\n\n\n\n<p>Por otra parte, en el asentamiento del barrio Pirayu\u00ed, cerca del denominado &#8220;puente blanco&#8221;, vecinos persiguieron a un joven acusado de ingresar a una casa con pretensiones de robo.<\/p>\n\n\n\n<p>El incidente sucedi\u00f3 a la madrugada cuando el due\u00f1o de la vivienda escuch\u00f3 ruidos, se levant\u00f3 de la cama y descubri\u00f3 a un intruso.<\/p>\n\n\n\n<p>Entre ambos se produjo un breve enfrentamiento a golpes hasta que otros habitantes de la zona llegaron para atrapar al sindicado malviviente.<\/p>\n\n\n\n<figure class=\"wp-block-image\"><img decoding=\"async\" src=\"https:\/\/www.diarioepoca.com\/content\/bucket\/5\/1351895w380h280c.jpg.webp\" alt=\"\"\/><figcaption class=\"wp-element-caption\">EL HOMBRE FUE GOLPEADO Y AL RATO LLEVADO A LA COMISAR\u00cdA DEL BARRIO PIRAYU\u00cd.<\/figcaption><\/figure>\n\n\n\n<p>Como consecuencia de los golpes, el presunto malhechor result\u00f3 con lesiones sangrantes en el rostro.<\/p>\n\n\n\n<p>Una patrulla con polic\u00edas de la comisar\u00eda seccional Vig\u00e9sima acudi\u00f3 para la demora del hombre v\u00edctima de la furia vecinal.<\/p>\n\n\n\n<p>Extraoficialmente trascendi\u00f3 que la persona reducida a manos de &#8220;vecinos justicieros&#8221; formar\u00eda parte de una pandilla autora de il\u00edcitos en ese barrio y otros aleda\u00f1os.<\/p>\n","protected":false},"excerpt":{"rendered":"<p>El efectivo circulaba ocasionalmente con su moto cuando advirti\u00f3 el delito. Entonces fren\u00f3 para retener al delincuente, quien corr\u00eda de varias personas con un tel\u00e9fono celular reci\u00e9n sustra\u00eddo. En otro&hellip; <\/p>\n","protected":false},"author":3,"featured_media":131262,"comment_status":"closed","ping_status":"open","sticky":false,"template":"","format":"standard","meta":{"footnotes":""},"categories":[33],"tags":[],"class_list":["post-131261","post","type-post","status-publish","format-standard","has-post-thumbnail","hentry","category-policiales"],"_links":{"self":[{"href":"https:\/\/corrientesdetarde.com\/index.php\/wp-json\/wp\/v2\/posts\/131261","targetHints":{"allow":["GET"]}}],"collection":[{"href":"https:\/\/corrientesdetarde.com\/index.php\/wp-json\/wp\/v2\/posts"}],"about":[{"href":"https:\/\/corrientesdetarde.com\/index.php\/wp-json\/wp\/v2\/types\/post"}],"author":[{"embeddable":true,"href":"https:\/\/corrientesdetarde.com\/index.php\/wp-json\/wp\/v2\/users\/3"}],"replies":[{"embeddable":true,"href":"https:\/\/corrientesdetarde.com\/index.php\/wp-json\/wp\/v2\/comments?post=131261"}],"version-history":[{"count":1,"href":"https:\/\/corrientesdetarde.com\/index.php\/wp-json\/wp\/v2\/posts\/131261\/revisions"}],"predecessor-version":[{"id":131263,"href":"https:\/\/corrientesdetarde.com\/index.php\/wp-json\/wp\/v2\/posts\/131261\/revisions\/131263"}],"wp:featuredmedia":[{"embeddable":true,"href":"https:\/\/corrientesdetarde.com\/index.php\/wp-json\/wp\/v2\/media\/131262"}],"wp:attachment":[{"href":"https:\/\/corrientesdetarde.com\/index.php\/wp-json\/wp\/v2\/media?parent=131261"}],"wp:term":[{"taxonomy":"category","embeddable":true,"href":"https:\/\/corrientesdetarde.com\/index.php\/wp-json\/wp\/v2\/categories?post=131261"},{"taxonomy":"post_tag","embeddable":true,"href":"https:\/\/corrientesdetarde.com\/index.php\/wp-json\/wp\/v2\/tags?post=131261"}],"curies":[{"name":"wp","href":"https:\/\/api.w.org\/{rel}","templated":true}]}}