{"id":131268,"date":"2024-03-09T09:01:53","date_gmt":"2024-03-09T12:01:53","guid":{"rendered":"https:\/\/corrientesdetarde.com\/?p=131268"},"modified":"2024-03-09T09:01:54","modified_gmt":"2024-03-09T12:01:54","slug":"corrientes-los-vecinos-de-un-barrio-se-alzan-en-reclamo-por-las-inundaciones","status":"publish","type":"post","link":"https:\/\/corrientesdetarde.com\/index.php\/informacion-general\/corrientes-los-vecinos-de-un-barrio-se-alzan-en-reclamo-por-las-inundaciones\/","title":{"rendered":"Corrientes: los vecinos de un barrio se alzan en reclamo por las inundaciones"},"content":{"rendered":"\n<p>Exigen saber porqu\u00e9 una zona c\u00e9ntrica se inund\u00f3. Hubo m\u00e1s de 50 autos bajo agua y millonarias perdidas de muebles.<\/p>\n\n\n\n<p>Los vecinos del barrio Libertad est\u00e1n preocupados y enojados por las consecuencias del temporal del domingo: temen que se repita y tienen bronca porque no entienden c\u00f3mo puede ser que haya entrado hasta dos metros de agua en las casas, departamentos y cocheras de una zona c\u00e9ntrica.&nbsp;<\/p>\n\n\n\n<p>Alrededor de 80 vecinos se reunieron el jueves por la noche en la&nbsp;rotonda Poncho Verde, epicentro de las inundaciones del domingo y espacio que muchos utilizaron para intentar salvar sus veh\u00edculos del agua. El humor es distinto en cada uno de quienes decidieron juntarse y arremangarse para tratar de entender porqu\u00e9 sucedi\u00f3 y empezar una ardua gesti\u00f3n para que no vuelva a suceder.&nbsp;<\/p>\n\n\n\n<p>Entre los reunidos hay quienes est\u00e1n resignados. &#8220;Es la tercera vez en diez a\u00f1os que pierdo todo por el agua, en distintos lugares, por supuesto. Esta vez perd\u00ed tres autos, no tengo dinero para repararlos y no creo que nadie haga nada por nosotros&#8221;, dijo&nbsp; un vecino resignado.&nbsp;<\/p>\n\n\n\n<p>Otros est\u00e1n enfurecidos y quieren que las autoridades municipales y provinciales den las explicaciones del caso. Las obras que se realizaron, las que se deb\u00edan realizar y porqu\u00e9 &#8220;el ducto pega una vuelta en la esquina de V\u00e9lez Sarfield y 9 de julio&#8221;.<\/p>\n\n\n\n<p>Hay quienes permanecen ofendidos y se niegan a soportar la posibilidad de tener un funcionario cerca, y otros mantienen la diplomacia. &#8220;Lo correcto es acudir al Defensor de los Vecinos (Agust\u00edn Payes) y cumplir los pasos protocolares del reclamo&#8221;, coincidi\u00f3 un grupo.&nbsp;<\/p>\n\n\n\n<p>Tambi\u00e9n hay lugar para la virulencia y un grupo exige cortar la calle y quemar cubiertas para ser escuchados y lograr respuetas. Pero hay otro sector que propone avanzar en un investigaci\u00f3n privada, que incluya a ingenieros hidr\u00e1ulicos y t\u00e9cnicos especialistas en la materia, que puedan explicar con perfecta certeza porqu\u00e9 sucedi\u00f3 el desastre y enjuiciar a los responsables.<\/p>\n\n\n\n<p>Las reuniones en corro, de espaldas al monumento a Juan Torres de Vera, se suceder\u00e1n de manera progresiva, pero depender\u00e1 del horario de los especialistas. Nadie en toda la barriada cree que el desastre responda a una cuesti\u00f3n natural y quieren a los responsables.&nbsp;&nbsp;<\/p>\n","protected":false},"excerpt":{"rendered":"<p>Exigen saber porqu\u00e9 una zona c\u00e9ntrica se inund\u00f3. Hubo m\u00e1s de 50 autos bajo agua y millonarias perdidas de muebles. Los vecinos del barrio Libertad est\u00e1n preocupados y enojados por&hellip; <\/p>\n","protected":false},"author":3,"featured_media":131281,"comment_status":"closed","ping_status":"open","sticky":false,"template":"","format":"standard","meta":{"footnotes":""},"categories":[1],"tags":[],"class_list":["post-131268","post","type-post","status-publish","format-standard","has-post-thumbnail","hentry","category-informacion-general"],"_links":{"self":[{"href":"https:\/\/corrientesdetarde.com\/index.php\/wp-json\/wp\/v2\/posts\/131268","targetHints":{"allow":["GET"]}}],"collection":[{"href":"https:\/\/corrientesdetarde.com\/index.php\/wp-json\/wp\/v2\/posts"}],"about":[{"href":"https:\/\/corrientesdetarde.com\/index.php\/wp-json\/wp\/v2\/types\/post"}],"author":[{"embeddable":true,"href":"https:\/\/corrientesdetarde.com\/index.php\/wp-json\/wp\/v2\/users\/3"}],"replies":[{"embeddable":true,"href":"https:\/\/corrientesdetarde.com\/index.php\/wp-json\/wp\/v2\/comments?post=131268"}],"version-history":[{"count":1,"href":"https:\/\/corrientesdetarde.com\/index.php\/wp-json\/wp\/v2\/posts\/131268\/revisions"}],"predecessor-version":[{"id":131300,"href":"https:\/\/corrientesdetarde.com\/index.php\/wp-json\/wp\/v2\/posts\/131268\/revisions\/131300"}],"wp:featuredmedia":[{"embeddable":true,"href":"https:\/\/corrientesdetarde.com\/index.php\/wp-json\/wp\/v2\/media\/131281"}],"wp:attachment":[{"href":"https:\/\/corrientesdetarde.com\/index.php\/wp-json\/wp\/v2\/media?parent=131268"}],"wp:term":[{"taxonomy":"category","embeddable":true,"href":"https:\/\/corrientesdetarde.com\/index.php\/wp-json\/wp\/v2\/categories?post=131268"},{"taxonomy":"post_tag","embeddable":true,"href":"https:\/\/corrientesdetarde.com\/index.php\/wp-json\/wp\/v2\/tags?post=131268"}],"curies":[{"name":"wp","href":"https:\/\/api.w.org\/{rel}","templated":true}]}}