{"id":131273,"date":"2024-03-09T09:01:17","date_gmt":"2024-03-09T12:01:17","guid":{"rendered":"https:\/\/corrientesdetarde.com\/?p=131273"},"modified":"2024-03-09T09:01:18","modified_gmt":"2024-03-09T12:01:18","slug":"quien-es-el-nuevo-jefe-del-servicio-penitenciario-de-corrientes","status":"publish","type":"post","link":"https:\/\/corrientesdetarde.com\/index.php\/informacion-general\/quien-es-el-nuevo-jefe-del-servicio-penitenciario-de-corrientes\/","title":{"rendered":"Qui\u00e9n es el nuevo Jefe del Servicio Penitenciario de Corrientes"},"content":{"rendered":"\n<p>El acto fue encabezado por el ministro de Seguridad.\u00a0<\/p>\n\n\n\n<p>En un acto presidido por el ministro de Seguridad, Buenaventura Duarte, asumi\u00f3 este viernes, el nuevo jefe del Servicio Penitenciario de Corrientes, Guillermo Andr\u00e9s Sotelo.<\/p>\n\n\n\n<p>El funcionario fue&nbsp;designado por el gobernador Gustavo Vald\u00e9s a trav\u00e9s del Decreto N\u00b0 535.<\/p>\n\n\n\n<p>Sotelo reemplazar\u00e1 a&nbsp;Rub\u00e9n Roque Romero, quien hasta el momento se desempa\u00f1aba en dicha funci\u00f3n.&nbsp;<\/p>\n\n\n\n<figure class=\"wp-block-image\"><img decoding=\"async\" src=\"https:\/\/pxc.cdn.ellitoral.com.ar\/litoral\/032024\/1709924474065.webp?cw=1000&amp;ch=1500&amp;extw=jpeg\" alt=\"Qui\u00e9n es el nuevo Jefe del Servicio Penitenciario de Corrientes\"\/><\/figure>\n\n\n\n<p>Entre tanto, la como segunda jefa qued\u00f3 Ana Mar\u00eda Canteros.&nbsp;<\/p>\n\n\n\n<p>Adem\u00e1s, los nuevos directores de plana mayor son Pablo Fernando G\u00f3mez, Sandra Elizabet Meza y Natalia Evangelina Aguirre<\/p>\n","protected":false},"excerpt":{"rendered":"<p>El acto fue encabezado por el ministro de Seguridad.\u00a0 En un acto presidido por el ministro de Seguridad, Buenaventura Duarte, asumi\u00f3 este viernes, el nuevo jefe del Servicio Penitenciario de&hellip; <\/p>\n","protected":false},"author":3,"featured_media":131278,"comment_status":"closed","ping_status":"open","sticky":false,"template":"","format":"standard","meta":{"footnotes":""},"categories":[1],"tags":[],"class_list":["post-131273","post","type-post","status-publish","format-standard","has-post-thumbnail","hentry","category-informacion-general"],"_links":{"self":[{"href":"https:\/\/corrientesdetarde.com\/index.php\/wp-json\/wp\/v2\/posts\/131273","targetHints":{"allow":["GET"]}}],"collection":[{"href":"https:\/\/corrientesdetarde.com\/index.php\/wp-json\/wp\/v2\/posts"}],"about":[{"href":"https:\/\/corrientesdetarde.com\/index.php\/wp-json\/wp\/v2\/types\/post"}],"author":[{"embeddable":true,"href":"https:\/\/corrientesdetarde.com\/index.php\/wp-json\/wp\/v2\/users\/3"}],"replies":[{"embeddable":true,"href":"https:\/\/corrientesdetarde.com\/index.php\/wp-json\/wp\/v2\/comments?post=131273"}],"version-history":[{"count":1,"href":"https:\/\/corrientesdetarde.com\/index.php\/wp-json\/wp\/v2\/posts\/131273\/revisions"}],"predecessor-version":[{"id":131296,"href":"https:\/\/corrientesdetarde.com\/index.php\/wp-json\/wp\/v2\/posts\/131273\/revisions\/131296"}],"wp:featuredmedia":[{"embeddable":true,"href":"https:\/\/corrientesdetarde.com\/index.php\/wp-json\/wp\/v2\/media\/131278"}],"wp:attachment":[{"href":"https:\/\/corrientesdetarde.com\/index.php\/wp-json\/wp\/v2\/media?parent=131273"}],"wp:term":[{"taxonomy":"category","embeddable":true,"href":"https:\/\/corrientesdetarde.com\/index.php\/wp-json\/wp\/v2\/categories?post=131273"},{"taxonomy":"post_tag","embeddable":true,"href":"https:\/\/corrientesdetarde.com\/index.php\/wp-json\/wp\/v2\/tags?post=131273"}],"curies":[{"name":"wp","href":"https:\/\/api.w.org\/{rel}","templated":true}]}}