{"id":131327,"date":"2024-03-09T11:03:44","date_gmt":"2024-03-09T14:03:44","guid":{"rendered":"https:\/\/corrientesdetarde.com\/?p=131327"},"modified":"2024-03-09T11:03:46","modified_gmt":"2024-03-09T14:03:46","slug":"diputado-correntino-presento-proyecto-para-reformar-la-tarjeta-sube","status":"publish","type":"post","link":"https:\/\/corrientesdetarde.com\/index.php\/informacion-general\/diputado-correntino-presento-proyecto-para-reformar-la-tarjeta-sube\/","title":{"rendered":"Diputado correntino present\u00f3 proyecto para reformar la tarjeta SUBE"},"content":{"rendered":"\n<p>&#8220;Nuestro objetivo es asegurar que todos los ciudadanos, especialmente los m\u00e1s vulnerables, puedan disfrutar de un transporte p\u00fablico eficiente y equitativo&#8221;, afirm\u00f3 el diputado radical y correntino Manuel Aguirre, autor del proyecto.<\/p>\n\n\n\n<p>El diputado nacional Manuel Aguirre, perteneciente a la UCR por Corrientes, ha presentado un proyecto de ley dirigido a reformar el Sistema \u00danico de Boleto Electr\u00f3nico (SUBE) con el objetivo de brindar una mayor protecci\u00f3n a los usuarios y mejorar la eficiencia del sistema. Este proyecto contempla cambios sustanciales que prometen beneficios tangibles para los ciudadanos.(R)<\/p>\n\n\n\n<p>Seg\u00fan Aguirre, &#8220;Es hora de dejar atr\u00e1s el antiguo sistema de carga en pesos de la SUBE, que perjudica a los usuarios al no compensarlos por la alta inflaci\u00f3n del pa\u00eds. Nuestra propuesta es establecer el cobro en Unidades de Viaje (UV) que no se ver\u00e1n afectadas por futuras actualizaciones tarifarias, manteniendo su valor inalterable hasta su consumo final&#8221;.<\/p>\n\n\n\n<p>El proyecto de ley incluye los siguientes puntos clave como es el tema de cargas en Unidades de Viaje (UV) donde se propone que el sistema SUBE registre las cargas realizadas por los usuarios en Unidades de Viaje, las cuales no se ver\u00e1n afectadas por futuras actualizaciones tarifarias. Esto busca evitar que los usuarios pierdan valor debido a la inflaci\u00f3n y los cambios en las tarifas.<\/p>\n\n\n\n<p>Tambi\u00e9n que haya diversidad de medios de recarga en la que se establece que la Autoridad de Aplicaci\u00f3n debe garantizar que la recarga en Unidades de Viaje sea accesible a trav\u00e9s de medios electr\u00f3nicos, billeteras virtuales, tarjetas de cr\u00e9dito y dispositivos m\u00f3viles. Para ello, se suscribir\u00e1n los convenios necesarios para facilitar estas opciones de recarga.<\/p>\n\n\n\n<p>Aguirre enfatiz\u00f3 que estos cambios no solo proteger\u00e1n a los usuarios, sino que tambi\u00e9n promover\u00e1n la justicia y la universalidad de los beneficios otorgados por el sistema SUBE. &#8220;Nuestro objetivo es asegurar que todos los ciudadanos, especialmente los m\u00e1s vulnerables, puedan disfrutar de un transporte p\u00fablico eficiente y equitativo&#8221;, afirm\u00f3.<\/p>\n\n\n\n<p>El proyecto cuenta con el respaldo de varios diputados radicales, entre ellos Pedro Galimberti, Juan Carlos Polini, Natalia Sarapura, Jorge Rizzotti, Fernando Carbajal y Marcela Coli, quienes han acompa\u00f1ado con su firma esta iniciativa.<\/p>\n","protected":false},"excerpt":{"rendered":"<p>&#8220;Nuestro objetivo es asegurar que todos los ciudadanos, especialmente los m\u00e1s vulnerables, puedan disfrutar de un transporte p\u00fablico eficiente y equitativo&#8221;, afirm\u00f3 el diputado radical y correntino Manuel Aguirre, autor&hellip; <\/p>\n","protected":false},"author":3,"featured_media":131337,"comment_status":"closed","ping_status":"open","sticky":false,"template":"","format":"standard","meta":{"footnotes":""},"categories":[1],"tags":[],"class_list":["post-131327","post","type-post","status-publish","format-standard","has-post-thumbnail","hentry","category-informacion-general"],"_links":{"self":[{"href":"https:\/\/corrientesdetarde.com\/index.php\/wp-json\/wp\/v2\/posts\/131327","targetHints":{"allow":["GET"]}}],"collection":[{"href":"https:\/\/corrientesdetarde.com\/index.php\/wp-json\/wp\/v2\/posts"}],"about":[{"href":"https:\/\/corrientesdetarde.com\/index.php\/wp-json\/wp\/v2\/types\/post"}],"author":[{"embeddable":true,"href":"https:\/\/corrientesdetarde.com\/index.php\/wp-json\/wp\/v2\/users\/3"}],"replies":[{"embeddable":true,"href":"https:\/\/corrientesdetarde.com\/index.php\/wp-json\/wp\/v2\/comments?post=131327"}],"version-history":[{"count":1,"href":"https:\/\/corrientesdetarde.com\/index.php\/wp-json\/wp\/v2\/posts\/131327\/revisions"}],"predecessor-version":[{"id":131348,"href":"https:\/\/corrientesdetarde.com\/index.php\/wp-json\/wp\/v2\/posts\/131327\/revisions\/131348"}],"wp:featuredmedia":[{"embeddable":true,"href":"https:\/\/corrientesdetarde.com\/index.php\/wp-json\/wp\/v2\/media\/131337"}],"wp:attachment":[{"href":"https:\/\/corrientesdetarde.com\/index.php\/wp-json\/wp\/v2\/media?parent=131327"}],"wp:term":[{"taxonomy":"category","embeddable":true,"href":"https:\/\/corrientesdetarde.com\/index.php\/wp-json\/wp\/v2\/categories?post=131327"},{"taxonomy":"post_tag","embeddable":true,"href":"https:\/\/corrientesdetarde.com\/index.php\/wp-json\/wp\/v2\/tags?post=131327"}],"curies":[{"name":"wp","href":"https:\/\/api.w.org\/{rel}","templated":true}]}}