{"id":131328,"date":"2024-03-09T11:03:49","date_gmt":"2024-03-09T14:03:49","guid":{"rendered":"https:\/\/corrientesdetarde.com\/?p=131328"},"modified":"2024-03-09T11:03:51","modified_gmt":"2024-03-09T14:03:51","slug":"mano-a-mano-con-la-obra-nueva-propuesta-del-museo-de-bellas-artes","status":"publish","type":"post","link":"https:\/\/corrientesdetarde.com\/index.php\/cultura\/mano-a-mano-con-la-obra-nueva-propuesta-del-museo-de-bellas-artes\/","title":{"rendered":"&#8220;Mano a mano con la obra&#8221;: Nueva propuesta del Museo de Bellas Artes"},"content":{"rendered":"\n<p>El ciclo &#8220;Mano a mano con la obra&#8221;\u00a0 dar\u00e1 inicio este s\u00e1bado 9 de marzo, a las 16 en el patio del Museo de Bellas Artes &#8220;Dr. Juan R. Vidal&#8221;, con acceso libre y gratuito. En esta ocasi\u00f3n, los artistas Pablo Velar y Rub\u00e9n Ramos estar\u00e1n pintando frente al p\u00fablico presente.<a href=\"https:\/\/www.diarioepoca.com\/1313434-mano-a-mano-con-la-obra-nueva-propuesta-del-museo-de-bellas-artes#\"><\/a><\/p>\n\n\n\n<p>Se trata de una nueva propuesta del Museo para la comunidad y que propone un acercamiento al proceso creativo de los artistas visuales.<\/p>\n\n\n\n<p>Una experiencia \u00edntima y reveladora que pretende acortar las distancias entre la creaci\u00f3n art\u00edstica y el espectador. Una oportunidad propicia para fomentar el di\u00e1logo artista-espectador, compartiendo sus intenciones y la inspiraci\u00f3n detr\u00e1s de las obras a realizar.<\/p>\n\n\n\n<p>Cabe se\u00f1alar que en caso de lluvia la actividad se suspender\u00e1 y reprogramar\u00e1.<\/p>\n\n\n\n<h3 class=\"wp-block-heading\">Mano a mano<\/h3>\n\n\n\n<p>Esta actuaci\u00f3n en vivo no solo permitir\u00e1 a los espectadores ser testigos de la creaci\u00f3n art\u00edstica, sino que tambi\u00e9n aspira a subrayar el poder del arte para conectar personas, despertar conversaciones y fomentar una comunidad alrededor de la expresi\u00f3n creativa.<\/p>\n\n\n\n<p>El evento es programado para su periodicidad y participaci\u00f3n de varios artistas a lo largo del a\u00f1o convirtiendo al museo en un espacio de encuentro, aprendizaje y asombro colectivo, ampliando la percepci\u00f3n del arte como un proceso vivo y compartido, asegurando que este tipo de experiencias formen parte del futuro cultural del museo.<\/p>\n","protected":false},"excerpt":{"rendered":"<p>El ciclo &#8220;Mano a mano con la obra&#8221;\u00a0 dar\u00e1 inicio este s\u00e1bado 9 de marzo, a las 16 en el patio del Museo de Bellas Artes &#8220;Dr. Juan R. Vidal&#8221;,&hellip; <\/p>\n","protected":false},"author":3,"featured_media":131339,"comment_status":"closed","ping_status":"open","sticky":false,"template":"","format":"standard","meta":{"footnotes":""},"categories":[15],"tags":[],"class_list":["post-131328","post","type-post","status-publish","format-standard","has-post-thumbnail","hentry","category-cultura"],"_links":{"self":[{"href":"https:\/\/corrientesdetarde.com\/index.php\/wp-json\/wp\/v2\/posts\/131328","targetHints":{"allow":["GET"]}}],"collection":[{"href":"https:\/\/corrientesdetarde.com\/index.php\/wp-json\/wp\/v2\/posts"}],"about":[{"href":"https:\/\/corrientesdetarde.com\/index.php\/wp-json\/wp\/v2\/types\/post"}],"author":[{"embeddable":true,"href":"https:\/\/corrientesdetarde.com\/index.php\/wp-json\/wp\/v2\/users\/3"}],"replies":[{"embeddable":true,"href":"https:\/\/corrientesdetarde.com\/index.php\/wp-json\/wp\/v2\/comments?post=131328"}],"version-history":[{"count":1,"href":"https:\/\/corrientesdetarde.com\/index.php\/wp-json\/wp\/v2\/posts\/131328\/revisions"}],"predecessor-version":[{"id":131349,"href":"https:\/\/corrientesdetarde.com\/index.php\/wp-json\/wp\/v2\/posts\/131328\/revisions\/131349"}],"wp:featuredmedia":[{"embeddable":true,"href":"https:\/\/corrientesdetarde.com\/index.php\/wp-json\/wp\/v2\/media\/131339"}],"wp:attachment":[{"href":"https:\/\/corrientesdetarde.com\/index.php\/wp-json\/wp\/v2\/media?parent=131328"}],"wp:term":[{"taxonomy":"category","embeddable":true,"href":"https:\/\/corrientesdetarde.com\/index.php\/wp-json\/wp\/v2\/categories?post=131328"},{"taxonomy":"post_tag","embeddable":true,"href":"https:\/\/corrientesdetarde.com\/index.php\/wp-json\/wp\/v2\/tags?post=131328"}],"curies":[{"name":"wp","href":"https:\/\/api.w.org\/{rel}","templated":true}]}}