{"id":131331,"date":"2024-03-09T11:03:54","date_gmt":"2024-03-09T14:03:54","guid":{"rendered":"https:\/\/corrientesdetarde.com\/?p=131331"},"modified":"2024-03-09T11:03:55","modified_gmt":"2024-03-09T14:03:55","slug":"goya-sera-escenario-del-cierre-y-premiacion-del-campeonato-aguas-abiertas","status":"publish","type":"post","link":"https:\/\/corrientesdetarde.com\/index.php\/deportes\/goya-sera-escenario-del-cierre-y-premiacion-del-campeonato-aguas-abiertas\/","title":{"rendered":"Goya ser\u00e1 escenario del cierre y premiaci\u00f3n del campeonato Aguas Abiertas"},"content":{"rendered":"\n<p><br>Si el clima as\u00ed lo dispone, este domingo 10 de marzo desde las 7 de la ma\u00f1ana en playa &#8220;El Ing\u00e1&#8221; se realizar\u00e1 la \u00faltima fecha del Aguas Abiertas &#8220;Ciudad de Goya&#8221; Campeonato 2023-2024.<\/p>\n\n\n\n<p>La Municipalidad de Goya, a trav\u00e9s de la Direcci\u00f3n de Deportes, apronta la organizaci\u00f3n de este encuentro que se viene reprogramando desde hace semanas por las inclemencias del tiempo.<\/p>\n\n\n\n<p>Expectativas y ansiedad en la organizaci\u00f3n genera este encuentro, ya que se espera recibir a nadadores de distintas provincias como Santa Fe, Buenos Aires, Corrientes, Chaco, Formosa, C\u00f3rdoba, Santa Fe, Misiones, Entre R\u00edos. Vienen a completar el esquema de la competencia y a sumar puntos obviamente para el podio.<\/p>\n\n\n\n<p><br>El cronograma establecido se completar\u00e1 este domingo con las distancias 3.000, 1.500 y 450 metros.<\/p>\n\n\n\n<p><br><strong>ALEJANDRO LAGO<\/strong><\/p>\n\n\n\n<p><br>El Director de Deportes, Alejandro Lago se refiri\u00f3 a la cita deportiva.<\/p>\n\n\n\n<p><br>&#8220;Con muchas ansias de poder cerrar este torneo que este a\u00f1o nos sorprendi\u00f3 con la cantidad de participantes y el gran valor deportivo que tuvimos a lo largo del campeonato, as\u00ed que este domingo estamos convocando para hacer el gran cierre y premiaci\u00f3n del ranking de 3.000 y 1.500 metros&#8221;.<\/p>\n\n\n\n<p><br>Lago dijo sentir mucha expectativa por la gran responsabilidad que significa completar la fecha Goya, tratando de buscar la m\u00e1s conveniente para todos y que no se crucen con otros compromisos deportivos de la misma disciplina.<\/p>\n\n\n\n<p><br>&#8220;Es muy importante la participaci\u00f3n de estos atletas de otras provincias muy lejanas, entonces a nosotros como organizaci\u00f3n nos compromete en el sentido de tener mucha responsabilidad a la hora de fijar la fecha y que no coincidan con otras fechas importantes que se hacen en otras provincias; atentos -adem\u00e1s- al tema meteorol\u00f3gico para tener todo el equipo preparado, estar en alerta para que se pueda completar la fecha, entonces nosotros tomamos todos los recaudos necesarios como organizaci\u00f3n para poder hacer este cierre&#8221;, dijo.<\/p>\n\n\n\n<p><br>&#8220;Este a\u00f1o volvemos a la playa &#8220;El Ing\u00e1&#8221;, ampliamos la grilla de clasificaci\u00f3n para que m\u00e1s atletas puedan participar, tenemos la categor\u00eda para ni\u00f1os (participativa) que estaremos inscribiendo el d\u00eda s\u00e1bado durante el d\u00eda&#8221;, finaliz\u00f3.<\/p>\n\n\n\n<p><br>INFORMACI\u00d3N \u00daTIL<\/p>\n\n\n\n<p><br>Cronograma: Playa El Ing\u00e1<\/p>\n\n\n\n<p><br>7:30. Apertura de Acreditaciones.<\/p>\n\n\n\n<p><br>9:15h. Cierre de Acreditaciones.<\/p>\n\n\n\n<p><br>9:20h. Charla T\u00e9cnica y presentaci\u00f3n de atletas.<\/p>\n\n\n\n<p><br>9:45h. Primera largada. 3000 mts.<\/p>\n\n\n\n<p><br>10:20h. Segunda largada 450 mts<\/p>\n\n\n\n<p><br>10:40h. Tercera Largada. 1500mts.<\/p>\n\n\n\n<p><br>11:00h. Premiaci\u00f3n.<\/p>\n\n\n\n<p><br>12:00h. Almuerzo.<\/p>\n\n\n\n<p><br>Recomendaciones:<\/p>\n\n\n\n<p><br>Hidratarse constantemente<\/p>\n\n\n\n<p><br>Usar protector solar<\/p>\n\n\n\n<p><br>Elementos opcionales: gorro, sombrero, gafas.<\/p>\n","protected":false},"excerpt":{"rendered":"<p>Si el clima as\u00ed lo dispone, este domingo 10 de marzo desde las 7 de la ma\u00f1ana en playa &#8220;El Ing\u00e1&#8221; se realizar\u00e1 la \u00faltima fecha del Aguas Abiertas &#8220;Ciudad&hellip; <\/p>\n","protected":false},"author":3,"featured_media":131340,"comment_status":"closed","ping_status":"open","sticky":false,"template":"","format":"standard","meta":{"footnotes":""},"categories":[4],"tags":[],"class_list":["post-131331","post","type-post","status-publish","format-standard","has-post-thumbnail","hentry","category-deportes"],"_links":{"self":[{"href":"https:\/\/corrientesdetarde.com\/index.php\/wp-json\/wp\/v2\/posts\/131331","targetHints":{"allow":["GET"]}}],"collection":[{"href":"https:\/\/corrientesdetarde.com\/index.php\/wp-json\/wp\/v2\/posts"}],"about":[{"href":"https:\/\/corrientesdetarde.com\/index.php\/wp-json\/wp\/v2\/types\/post"}],"author":[{"embeddable":true,"href":"https:\/\/corrientesdetarde.com\/index.php\/wp-json\/wp\/v2\/users\/3"}],"replies":[{"embeddable":true,"href":"https:\/\/corrientesdetarde.com\/index.php\/wp-json\/wp\/v2\/comments?post=131331"}],"version-history":[{"count":1,"href":"https:\/\/corrientesdetarde.com\/index.php\/wp-json\/wp\/v2\/posts\/131331\/revisions"}],"predecessor-version":[{"id":131350,"href":"https:\/\/corrientesdetarde.com\/index.php\/wp-json\/wp\/v2\/posts\/131331\/revisions\/131350"}],"wp:featuredmedia":[{"embeddable":true,"href":"https:\/\/corrientesdetarde.com\/index.php\/wp-json\/wp\/v2\/media\/131340"}],"wp:attachment":[{"href":"https:\/\/corrientesdetarde.com\/index.php\/wp-json\/wp\/v2\/media?parent=131331"}],"wp:term":[{"taxonomy":"category","embeddable":true,"href":"https:\/\/corrientesdetarde.com\/index.php\/wp-json\/wp\/v2\/categories?post=131331"},{"taxonomy":"post_tag","embeddable":true,"href":"https:\/\/corrientesdetarde.com\/index.php\/wp-json\/wp\/v2\/tags?post=131331"}],"curies":[{"name":"wp","href":"https:\/\/api.w.org\/{rel}","templated":true}]}}