{"id":131389,"date":"2024-03-09T17:22:04","date_gmt":"2024-03-09T20:22:04","guid":{"rendered":"https:\/\/corrientesdetarde.com\/?p=131389"},"modified":"2024-03-09T17:22:45","modified_gmt":"2024-03-09T20:22:45","slug":"que-familias-perderan-todos-los-subsidios-a-las-tarifas-de-energia-desde-el-invierno","status":"publish","type":"post","link":"https:\/\/corrientesdetarde.com\/index.php\/economia\/que-familias-perderan-todos-los-subsidios-a-las-tarifas-de-energia-desde-el-invierno\/","title":{"rendered":"\u00bfQu\u00e9 familias perder\u00e1n todos los subsidios a las tarifas de energ\u00eda desde el invierno?"},"content":{"rendered":"\n<p>El Gobierno busca reducir al m\u00ednimo los fondos destinados a auxiliar a los hogares en el pago de tarifas cada vez m\u00e1s caras.<\/p>\n\n\n\n<p>Las familias que tengan ingresos por m\u00e1s de&nbsp;<strong>$ 790.000<\/strong>&nbsp;mensuales perder\u00e1n los subsidios a la energ\u00eda en el invierno.&nbsp;<\/p>\n\n\n\n<p>La cifra corresponde al tope de consumo de un&nbsp;<strong>&#8220;grupo conviviente&#8221; de entre 3 y 4 personas<\/strong>&nbsp;en la regi\u00f3n bioambiental &#8220;Templada (3)&#8221;, donde vive el grueso de la poblaci\u00f3n argentina -Ciudad y Gran Buenos Aires, La Plata y Rosario, entre otras localidades-.<\/p>\n\n\n\n<p>Los c\u00e1lculos fueron realizados por gremios de la&nbsp;<strong>Confederaci\u00f3n Argentina de Trabajadores y Empleados de los Hidrocarburos, Energ\u00eda, Combustibles, Derivados y Afines (CATHEDA).<\/strong><\/p>\n\n\n\n<p>La entidad busc\u00f3 valorizar la Canasta B\u00e1sica Energ\u00e9tica (CBE) que usar\u00e1 el Gobierno para definir criterios de demanda razonable de energ\u00eda el\u00e9ctrica y gas natural por red, as\u00ed como los ingresos necesarios y cuestiones patrimoniales o historial reciente de calidad de vida y consumos, antes de determinar qui\u00e9nes necesitan la ayuda del Estado.<\/p>\n\n\n\n<p>B\u00e1sicamente, cualquier usuario que destine menos del 10% de sus ingresos no estar\u00eda subvencionado, pero puede haber excepciones seg\u00fan el decil poblacional al que corresponda.&nbsp;<\/p>\n\n\n\n<p>En el caso de que se gaste m\u00e1s del 10% (o el porcentaje seg\u00fan decil), el Estado pondr\u00e1 la diferencia.<br>Canasta B\u00e1sica Energ\u00e9tica para un hogar de 3 a 4 personas en la regi\u00f3n Templada, que incluye al AMBA, La Plata y Rosario, entre otras localidades.Canasta B\u00e1sica Energ\u00e9tica para un hogar de 3 a 4 personas en la regi\u00f3n Templada, que incluye al AMBA, La Plata y Rosario, entre otras localidades.<\/p>\n\n\n\n<p>En las pr\u00f3ximas semanas, la Secretar\u00eda de Energ\u00eda terminar\u00e1 de ajustar el nuevo esquema que reemplazar\u00e1 a la segmentaci\u00f3n de tarifas, y lo implementar\u00e1 en mayo.<\/p>\n\n\n\n<p>En base a los precios actuales de la electricidad y el gas, los economistas de CATHEDA encontraron que aquellos hogares que est\u00e1n en la regi\u00f3n &#8220;C\u00e1lida (2)&#8221; -todo Tucum\u00e1n y zonas de Jujuy, Salta, Catamarca, La Rioja, San Juan, San Luis, C\u00f3rdoba, Santiago del Estero, Santa Fe, Corrientes y Entre R\u00edos- dejar\u00edan de tener subsidios cuando pasen de los $ 160.000 en verano (como m\u00ednimo).<\/p>\n\n\n\n<p>Mientras tanto, las familias de la regi\u00f3n &#8220;Muy fr\u00eda (6)&#8221;, que abarca a todo Tierra del Fuego y zonas de Santa Cruz, Chubut, R\u00edo Negro, Neuqu\u00e9n, Mendoza, San Juan, La Rioja, Catamarca, Salta y Jujuy -en la parte cordillerana-, el tope de ingresos a partir del cual no habr\u00e1 subsidios es de un m\u00e1ximo de $ 2.876.000 por mes.&nbsp;<\/p>\n\n\n\n<p>En el medio hay grandes variaciones, seg\u00fan la regi\u00f3n, el mes y la cantidad de convivientes.<\/p>\n\n\n\n<p>Para la regi\u00f3n m\u00e1s poblada del pa\u00eds, el Gobierno estim\u00f3 que el consumo promedio de gas es de 71 m3 mensuales si un hogar tiene entre 3 y 4 integrantes, con un m\u00ednimo de 36 m3 y un m\u00e1ximo de 142 m3, mientras que en la electricidad el promedio es de 165 kWh mensuales, con un m\u00ednimo de 157 kWh y un tope de 188 kWh. Eso es lo que se considera &#8220;razonable&#8221;, en funci\u00f3n de las condiciones clim\u00e1ticas.<\/p>\n\n\n\n<p>Si los ingresos de ese &#8220;grupo conviviente&#8221; superan los $ 319.720 en diciembre (menos de dos jubilaciones m\u00ednimas y el bono, que a valor de hoy suman $ 410.000) no les corresponder\u00edan los subsidios, ya que la CBE costar\u00eda unos $ 31.972.&nbsp;<\/p>\n\n\n\n<p>Ese es el mes donde la Canasta ser\u00eda m\u00e1s barata; en el otro extremo, en julio suceder\u00eda el mes de mayor consumo y donde la CBE ser\u00eda m\u00e1s cara, por unos $ 78.998. En esa oportunidad, el tope de ingresos para recibir la ayuda estatal ser\u00eda de $ 789.980.<\/p>\n\n\n\n<p><strong>Los montos se ir\u00e1n actualizando por la evoluci\u00f3n de la inflaci\u00f3n y los salarios,<\/strong>&nbsp;as\u00ed como que estar\u00e1n condicionados a que los usuarios no hayan comprado d\u00f3lares o cualquier otra moneda extranjera en los \u00faltimos 3 meses; que no hayan realizado viajes al exterior si se tratan de pa\u00edses no lim\u00edtrofes en los \u00faltimos 5 a\u00f1os; que no usen prepagas no vinculadas a sus empleos en relaci\u00f3n de dependencia; y que no tengan un auto o moto con menos de 5 a\u00f1os de antig\u00fcedad, entre m\u00faltiples criterios de exclusi\u00f3n.<\/p>\n","protected":false},"excerpt":{"rendered":"<p>El Gobierno busca reducir al m\u00ednimo los fondos destinados a auxiliar a los hogares en el pago de tarifas cada vez m\u00e1s caras. Las familias que tengan ingresos por m\u00e1s&hellip; <\/p>\n","protected":false},"author":4,"featured_media":131390,"comment_status":"closed","ping_status":"open","sticky":false,"template":"","format":"standard","meta":{"footnotes":""},"categories":[20],"tags":[],"class_list":["post-131389","post","type-post","status-publish","format-standard","has-post-thumbnail","hentry","category-economia"],"_links":{"self":[{"href":"https:\/\/corrientesdetarde.com\/index.php\/wp-json\/wp\/v2\/posts\/131389","targetHints":{"allow":["GET"]}}],"collection":[{"href":"https:\/\/corrientesdetarde.com\/index.php\/wp-json\/wp\/v2\/posts"}],"about":[{"href":"https:\/\/corrientesdetarde.com\/index.php\/wp-json\/wp\/v2\/types\/post"}],"author":[{"embeddable":true,"href":"https:\/\/corrientesdetarde.com\/index.php\/wp-json\/wp\/v2\/users\/4"}],"replies":[{"embeddable":true,"href":"https:\/\/corrientesdetarde.com\/index.php\/wp-json\/wp\/v2\/comments?post=131389"}],"version-history":[{"count":2,"href":"https:\/\/corrientesdetarde.com\/index.php\/wp-json\/wp\/v2\/posts\/131389\/revisions"}],"predecessor-version":[{"id":131393,"href":"https:\/\/corrientesdetarde.com\/index.php\/wp-json\/wp\/v2\/posts\/131389\/revisions\/131393"}],"wp:featuredmedia":[{"embeddable":true,"href":"https:\/\/corrientesdetarde.com\/index.php\/wp-json\/wp\/v2\/media\/131390"}],"wp:attachment":[{"href":"https:\/\/corrientesdetarde.com\/index.php\/wp-json\/wp\/v2\/media?parent=131389"}],"wp:term":[{"taxonomy":"category","embeddable":true,"href":"https:\/\/corrientesdetarde.com\/index.php\/wp-json\/wp\/v2\/categories?post=131389"},{"taxonomy":"post_tag","embeddable":true,"href":"https:\/\/corrientesdetarde.com\/index.php\/wp-json\/wp\/v2\/tags?post=131389"}],"curies":[{"name":"wp","href":"https:\/\/api.w.org\/{rel}","templated":true}]}}