{"id":131391,"date":"2024-03-09T17:37:43","date_gmt":"2024-03-09T20:37:43","guid":{"rendered":"https:\/\/corrientesdetarde.com\/?p=131391"},"modified":"2024-03-09T17:37:54","modified_gmt":"2024-03-09T20:37:54","slug":"chiquito-romero-sufrio-una-molestia-y-se-perdera-el-clasico-frente-a-racing","status":"publish","type":"post","link":"https:\/\/corrientesdetarde.com\/index.php\/deportes\/chiquito-romero-sufrio-una-molestia-y-se-perdera-el-clasico-frente-a-racing\/","title":{"rendered":"Chiquito Romero sufri\u00f3 una molestia y se perder\u00e1 el cl\u00e1sico frente a Racing"},"content":{"rendered":"\n<p>El arquero de Boca tiene una dolencia en el tal\u00f3n izquierdo y ser\u00e1 reemplazado por Javier Garc\u00eda.<\/p>\n\n\n\n<p><strong>El arquero de Boca Sergio \u201cChiquito\u201d Romero qued\u00f3 descartado para enfrentar a Racing debido a que tiene una molestia en el tal\u00f3n izquierdo que le impidi\u00f3 entrenarse con normalidad y en su lugar entrar\u00e1 Javier Garc\u00eda.<\/strong><\/p>\n\n\n\n<p>Romero padece la citada dolencia y el entrenador del conjunto de La Ribera, Diego Mart\u00ednez, prefiri\u00f3 resguardarlo, por lo cual no ser\u00e1 de la partida en el encuentro de la d\u00e9cima fecha de la Copa de la Liga Profesional que se disputar\u00e1 el domingo desde las 21.30 en La Bombonera.<\/p>\n\n\n\n<p>El arquero que logr\u00f3 un subcampeonato mundial con la Selecci\u00f3n argentina,&nbsp;<strong>se realiz\u00f3 estudios durante la tarde del jueves porque sent\u00eda un dolor en la zona e, i<\/strong>ncluso, en la caminata que inici\u00f3 la pr\u00e1ctica del plantel, se lo not\u00f3 con una&nbsp;leve renguera y dificultad en su andar.<\/p>\n\n\n\n<p>Aunque todav\u00eda no se publicaron los resultados de los estudios a los que se someti\u00f3, lo cierto es que Romero&nbsp;<strong>regres\u00f3 a Ezeiza este viernes con el tal\u00f3n izquierdo hinchado<\/strong><strong>&nbsp;<\/strong>y una molestia que todav\u00eda no pudo sanar.<\/p>\n\n\n\n<p>Ante esta situaci\u00f3n,&nbsp;<strong>el cuerpo t\u00e9cnico resolvi\u00f3 que lo mejor ser\u00e1 preservarlo<\/strong>&nbsp;y que no juegue el encuentro ante Racing.<\/p>\n\n\n\n<p>Si bien se especul\u00f3 con un posible debut de&nbsp;<strong>Leandro Brey,&nbsp;<\/strong><strong>&nbsp;<\/strong>ya que el arquero de la Selecci\u00f3n argentina en el Preol\u00edmpico Sub-23 de Venezuela es uno de los proyectos del club, desde el club informaron que este&nbsp;<strong>fin de semana el arco estar\u00e1 custodiado por Garc\u00eda.<\/strong><\/p>\n\n\n\n<p>Por&nbsp;lo tanto, el arquero que surgi\u00f3 en&nbsp;Los Andes ir\u00e1 al banco de suplentes, aunque su estreno no se demorar\u00eda mucho m\u00e1s y podr\u00eda atajar en el partido ante Central Norte de Salta por los 32avos de final de la Copa Argentina.<\/p>\n\n\n\n<p>Por su parte, Garc\u00eda, que tuvo un paso por Racing, no sum\u00f3 minutos en el actual torneo y la \u00faltima vez que disput\u00f3 un encuentro fue el&nbsp;<strong>28 de octubre de 2023,&nbsp;<\/strong>en el empate sin goles frente a Estudiantes de La Plata.<\/p>\n\n\n\n<p>En el equipo de Avellaneda&nbsp;<strong>disput\u00f3 14 compromisos entre 2017 y 2020 y sali\u00f3 campe\u00f3n de la Superliga 2018.<\/strong><\/p>\n","protected":false},"excerpt":{"rendered":"<p>El arquero de Boca tiene una dolencia en el tal\u00f3n izquierdo y ser\u00e1 reemplazado por Javier Garc\u00eda. El arquero de Boca Sergio \u201cChiquito\u201d Romero qued\u00f3 descartado para enfrentar a Racing&hellip; <\/p>\n","protected":false},"author":4,"featured_media":131400,"comment_status":"closed","ping_status":"open","sticky":false,"template":"","format":"standard","meta":{"footnotes":""},"categories":[4],"tags":[],"class_list":["post-131391","post","type-post","status-publish","format-standard","has-post-thumbnail","hentry","category-deportes"],"_links":{"self":[{"href":"https:\/\/corrientesdetarde.com\/index.php\/wp-json\/wp\/v2\/posts\/131391","targetHints":{"allow":["GET"]}}],"collection":[{"href":"https:\/\/corrientesdetarde.com\/index.php\/wp-json\/wp\/v2\/posts"}],"about":[{"href":"https:\/\/corrientesdetarde.com\/index.php\/wp-json\/wp\/v2\/types\/post"}],"author":[{"embeddable":true,"href":"https:\/\/corrientesdetarde.com\/index.php\/wp-json\/wp\/v2\/users\/4"}],"replies":[{"embeddable":true,"href":"https:\/\/corrientesdetarde.com\/index.php\/wp-json\/wp\/v2\/comments?post=131391"}],"version-history":[{"count":1,"href":"https:\/\/corrientesdetarde.com\/index.php\/wp-json\/wp\/v2\/posts\/131391\/revisions"}],"predecessor-version":[{"id":131401,"href":"https:\/\/corrientesdetarde.com\/index.php\/wp-json\/wp\/v2\/posts\/131391\/revisions\/131401"}],"wp:featuredmedia":[{"embeddable":true,"href":"https:\/\/corrientesdetarde.com\/index.php\/wp-json\/wp\/v2\/media\/131400"}],"wp:attachment":[{"href":"https:\/\/corrientesdetarde.com\/index.php\/wp-json\/wp\/v2\/media?parent=131391"}],"wp:term":[{"taxonomy":"category","embeddable":true,"href":"https:\/\/corrientesdetarde.com\/index.php\/wp-json\/wp\/v2\/categories?post=131391"},{"taxonomy":"post_tag","embeddable":true,"href":"https:\/\/corrientesdetarde.com\/index.php\/wp-json\/wp\/v2\/tags?post=131391"}],"curies":[{"name":"wp","href":"https:\/\/api.w.org\/{rel}","templated":true}]}}