{"id":131397,"date":"2024-03-09T17:30:04","date_gmt":"2024-03-09T20:30:04","guid":{"rendered":"https:\/\/corrientesdetarde.com\/?p=131397"},"modified":"2024-03-09T17:30:16","modified_gmt":"2024-03-09T20:30:16","slug":"san-lorenzo-va-en-busca-de-su-primer-triunfo-de-visitante-ante-platense","status":"publish","type":"post","link":"https:\/\/corrientesdetarde.com\/index.php\/deportes\/san-lorenzo-va-en-busca-de-su-primer-triunfo-de-visitante-ante-platense\/","title":{"rendered":"San Lorenzo va en busca de su primer triunfo de visitante ante Platense"},"content":{"rendered":"\n<p>El Cicl\u00f3n y el Calamar se miden este s\u00e1bado desde las 21.30 por la d\u00e9cima fecha de la Copa de la Liga.<\/p>\n\n\n\n<p>&nbsp;<strong>Este s\u00e1bado, San Lorenzo visitar\u00e1 a Platense<\/strong>&nbsp;en busca de su primera victoria en condici\u00f3n&nbsp;<br>de visitante,&nbsp;<strong>en el marco de la d\u00e9cima fecha&nbsp;<\/strong>de la Copa de la Liga Profesional de F\u00fatbol.&nbsp;<\/p>\n\n\n\n<p>El encuentro&nbsp;<strong>se disputar\u00e1 en el estadio Ciudad de Vicente L\u00f3pez desde las 21.30<\/strong>, contar\u00e1 con el arbitraje de<strong>&nbsp;Nicol\u00e1s Lamolina<\/strong>, en el VAR estar\u00e1 Nicol\u00e1s Ram\u00edrez. Ser\u00e1 transmitido por&nbsp;<strong>TNT Sports.&nbsp;<\/strong><\/p>\n\n\n\n<p><strong>Platense viene de lograr un triunfazo 2 a 1 frente a Estudiantes<\/strong>&nbsp;en La Plata con el que cort\u00f3 una racha de cinco encuentros sin ganar, y ante el Cicl\u00f3n buscar\u00e1 su segunda victoria&nbsp;<br>consecutiva en el certamen.<\/p>\n\n\n\n<p>La dupla Orsi-G\u00f3mez realizar\u00edan cambios en el equipo, con el<strong>&nbsp;ingreso de Mateo Pellegrino y Gabriel Hachen,<\/strong>&nbsp;ambos se perfilan para ingresar en lugar de Luciano Ferreyra y Agust\u00edn Ocampo.<\/p>\n\n\n\n<p>Por su parte,&nbsp;<strong>San Lorenzo, de floja actuaci\u00f3n, viene de un empate 2-2 contra Newell&#8217;s<\/strong>&nbsp;por la Copa de la Liga y seguido, el equipo de Ruben Dar\u00edo Ins\u00faa super\u00f3 a Independiente Chivilcoy por 1-0 y accedi\u00f3 a la siguiente etapa de la Copa Argentina.<\/p>\n\n\n\n<p>El entrenador del Cicl\u00f3n<strong>&nbsp;tiene duda<\/strong>&nbsp;sobre la presencia de uno de los jugadores clave:&nbsp;<strong>Jhohan Roma\u00f1a,<\/strong>&nbsp;por lo que en su lugar podr\u00eda ingresar Gonzalo Luj\u00e1n.<\/p>\n\n\n\n<h3 class=\"wp-block-heading\">Estas son las probables formaciones y otros detalles del encuentro<\/h3>\n\n\n\n<p><strong>Copa de la Liga Profesional 2024<\/strong><br><strong>Fecha 10 \u2013 Zona B<\/strong><br><strong>Platense vs. San Lorenzo<\/strong><br>Estadio: Ciudad de Vicente L\u00f3pez<br>\u00c1rbitro: Nicol\u00e1s Lamolina<br>VAR: Nicol\u00e1s Ram\u00edrez<br>Hora: 21.30 &#8211; TV: TNT Sports<\/p>\n\n\n\n<p><strong>Platense:<\/strong>&nbsp;Juan Pablo Cozzani; Juan Ignacio Saborido, Ignacio V\u00e1zquez, Leonel Picco, Gast\u00f3n Suso y Sasha Marcich; Carlos Villalba, Iv\u00e1n G\u00f3mez, Gabriel Hachen; Mateo Pellegrino y Ronaldo&nbsp;<br>Mart\u00ednez. DT: Favio Orsi y Sergio G\u00f3mez<\/p>\n\n\n\n<p><strong>San Lorenzo:&nbsp;<\/strong>Facundo Altamirano; Gonzalo Luj\u00e1n, Gast\u00f3n Campi, Gast\u00f3n Hern\u00e1ndez; Agust\u00edn Giay, Elian Irala, Manuel Insaurralde, Malcom Braida; Iv\u00e1n Leguizam\u00f3n, Adam Bareiro y Cristian Ferreira. DT: Rub\u00e9n Dar\u00edo Insua.<\/p>\n","protected":false},"excerpt":{"rendered":"<p>El Cicl\u00f3n y el Calamar se miden este s\u00e1bado desde las 21.30 por la d\u00e9cima fecha de la Copa de la Liga. &nbsp;Este s\u00e1bado, San Lorenzo visitar\u00e1 a Platense&nbsp;en busca&hellip; <\/p>\n","protected":false},"author":4,"featured_media":131398,"comment_status":"closed","ping_status":"open","sticky":false,"template":"","format":"standard","meta":{"footnotes":""},"categories":[4],"tags":[],"class_list":["post-131397","post","type-post","status-publish","format-standard","has-post-thumbnail","hentry","category-deportes"],"_links":{"self":[{"href":"https:\/\/corrientesdetarde.com\/index.php\/wp-json\/wp\/v2\/posts\/131397","targetHints":{"allow":["GET"]}}],"collection":[{"href":"https:\/\/corrientesdetarde.com\/index.php\/wp-json\/wp\/v2\/posts"}],"about":[{"href":"https:\/\/corrientesdetarde.com\/index.php\/wp-json\/wp\/v2\/types\/post"}],"author":[{"embeddable":true,"href":"https:\/\/corrientesdetarde.com\/index.php\/wp-json\/wp\/v2\/users\/4"}],"replies":[{"embeddable":true,"href":"https:\/\/corrientesdetarde.com\/index.php\/wp-json\/wp\/v2\/comments?post=131397"}],"version-history":[{"count":1,"href":"https:\/\/corrientesdetarde.com\/index.php\/wp-json\/wp\/v2\/posts\/131397\/revisions"}],"predecessor-version":[{"id":131399,"href":"https:\/\/corrientesdetarde.com\/index.php\/wp-json\/wp\/v2\/posts\/131397\/revisions\/131399"}],"wp:featuredmedia":[{"embeddable":true,"href":"https:\/\/corrientesdetarde.com\/index.php\/wp-json\/wp\/v2\/media\/131398"}],"wp:attachment":[{"href":"https:\/\/corrientesdetarde.com\/index.php\/wp-json\/wp\/v2\/media?parent=131397"}],"wp:term":[{"taxonomy":"category","embeddable":true,"href":"https:\/\/corrientesdetarde.com\/index.php\/wp-json\/wp\/v2\/categories?post=131397"},{"taxonomy":"post_tag","embeddable":true,"href":"https:\/\/corrientesdetarde.com\/index.php\/wp-json\/wp\/v2\/tags?post=131397"}],"curies":[{"name":"wp","href":"https:\/\/api.w.org\/{rel}","templated":true}]}}