{"id":131403,"date":"2024-03-09T17:40:08","date_gmt":"2024-03-09T20:40:08","guid":{"rendered":"https:\/\/corrientesdetarde.com\/?p=131403"},"modified":"2024-03-09T17:40:12","modified_gmt":"2024-03-09T20:40:12","slug":"falcioni-se-descompenso-en-el-entrenamiento-de-banfield-y-fue-internado-de-urgencia","status":"publish","type":"post","link":"https:\/\/corrientesdetarde.com\/index.php\/deportes\/falcioni-se-descompenso-en-el-entrenamiento-de-banfield-y-fue-internado-de-urgencia\/","title":{"rendered":"Falcioni se descompens\u00f3 en el entrenamiento de Banfield y fue internado de urgencia"},"content":{"rendered":"\n<p>El entrenador dirig\u00eda la pr\u00e1ctica para el duelo ante V\u00e9lez. Se encuentra bien, pero est\u00e1 descansando en el hospital.<\/p>\n\n\n\n<p><strong>El entrenador de Banfield, Julio C\u00e9sar Falcioni, se descompens\u00f3 este viernes en la previa de la pr\u00e1ctica de su equipo y debi\u00f3 ser internado de urgencia, en la previa al duelo ante V\u00e9lez por la d\u00e9cima fecha de la Copa Liga Profesional 2024.<\/strong><\/p>\n\n\n\n<p><strong>\u201c<\/strong>En la previa del entrenamiento de hoy,&nbsp;<strong>Julio present\u00f3 malestar general y dolencias menores; y tras consultar al Departamento M\u00e9dico, se dispuso que personal del Club lo acompa\u00f1ara a un centro m\u00e9dico para realizar estudios preventivos.<\/strong>&nbsp;Tras las evaluaciones, Julio<strong>&nbsp;permanecer\u00e1 unas horas en observaci\u00f3n cumpliendo los protocolos habituales de este tipo de situaciones. Su estado de salud es \u00f3ptimo\u201d,&nbsp;<\/strong>expres\u00f3 el club en un comunicado.<\/p>\n\n\n\n<p>\u201c<strong>Una vez dado de alta, el Emperador retomar\u00e1 sus tareas habituales<\/strong>. En tanto,&nbsp;<strong>el plantel ser\u00e1 conducido por sus colaboradores<\/strong>\u201d, sum\u00f3 el club, que dej\u00f3 en claro que el t\u00e9cnico no estar\u00e1 presente en el compromiso ante V\u00e9lez.<\/p>\n\n\n\n<p>Falcioni fue trasladado a un hospital cercano gracias al r\u00e1pido accionar del hijo del doctor R\u00edos en el predio de Luis Guill\u00f3n. Al ingresar al recinto, fue estabilizado,&nbsp;<strong>aunque permanecer\u00e1 internado en observaci\u00f3n<\/strong>.<\/p>\n\n\n\n<p>Esta no es la primera complicaci\u00f3n que&nbsp;sufre en su salud el entrenador, ya que viene de superar un&nbsp;<strong>c\u00e1ncer de laringe<\/strong>&nbsp;que lo tuvo a maltraer durante mucho tiempo. Adem\u00e1s, durante su \u00faltima etapa en Independiente, tuvo un principio de neumon\u00eda al contagiarse Covid-19 y sufri\u00f3 la p\u00e9rdida de su esposa.<\/p>\n\n\n\n<p>En principio, los trabajos de&nbsp;<strong>Banfield<\/strong><strong>&nbsp;<\/strong>hasta el domingo estar\u00e1n a cargo de&nbsp;<strong>N\u00e9stor P\u00edccoli<\/strong>&nbsp;y&nbsp;<strong>Julio Barraza<\/strong>, sus ayudantes, quienes tambi\u00e9n se har\u00e1n cargo de comandar al equipo en el duelo del pr\u00f3ximo lunes, en el estadio Florencio Sola, ante el Fort\u00edn.<\/p>\n\n\n\n<p>El Taladro marcha noveno en la Zona A de la&nbsp;<strong>Copa Liga Profesional 2024<\/strong>&nbsp;con<strong>&nbsp;<\/strong><strong>10 puntos<\/strong>, producto de dos victorias, cuatro empates y tres derrotas.<\/p>\n","protected":false},"excerpt":{"rendered":"<p>El entrenador dirig\u00eda la pr\u00e1ctica para el duelo ante V\u00e9lez. Se encuentra bien, pero est\u00e1 descansando en el hospital. El entrenador de Banfield, Julio C\u00e9sar Falcioni, se descompens\u00f3 este viernes&hellip; <\/p>\n","protected":false},"author":4,"featured_media":131404,"comment_status":"closed","ping_status":"open","sticky":false,"template":"","format":"standard","meta":{"footnotes":""},"categories":[4],"tags":[],"class_list":["post-131403","post","type-post","status-publish","format-standard","has-post-thumbnail","hentry","category-deportes"],"_links":{"self":[{"href":"https:\/\/corrientesdetarde.com\/index.php\/wp-json\/wp\/v2\/posts\/131403","targetHints":{"allow":["GET"]}}],"collection":[{"href":"https:\/\/corrientesdetarde.com\/index.php\/wp-json\/wp\/v2\/posts"}],"about":[{"href":"https:\/\/corrientesdetarde.com\/index.php\/wp-json\/wp\/v2\/types\/post"}],"author":[{"embeddable":true,"href":"https:\/\/corrientesdetarde.com\/index.php\/wp-json\/wp\/v2\/users\/4"}],"replies":[{"embeddable":true,"href":"https:\/\/corrientesdetarde.com\/index.php\/wp-json\/wp\/v2\/comments?post=131403"}],"version-history":[{"count":1,"href":"https:\/\/corrientesdetarde.com\/index.php\/wp-json\/wp\/v2\/posts\/131403\/revisions"}],"predecessor-version":[{"id":131405,"href":"https:\/\/corrientesdetarde.com\/index.php\/wp-json\/wp\/v2\/posts\/131403\/revisions\/131405"}],"wp:featuredmedia":[{"embeddable":true,"href":"https:\/\/corrientesdetarde.com\/index.php\/wp-json\/wp\/v2\/media\/131404"}],"wp:attachment":[{"href":"https:\/\/corrientesdetarde.com\/index.php\/wp-json\/wp\/v2\/media?parent=131403"}],"wp:term":[{"taxonomy":"category","embeddable":true,"href":"https:\/\/corrientesdetarde.com\/index.php\/wp-json\/wp\/v2\/categories?post=131403"},{"taxonomy":"post_tag","embeddable":true,"href":"https:\/\/corrientesdetarde.com\/index.php\/wp-json\/wp\/v2\/tags?post=131403"}],"curies":[{"name":"wp","href":"https:\/\/api.w.org\/{rel}","templated":true}]}}