{"id":131413,"date":"2024-03-09T18:31:05","date_gmt":"2024-03-09T21:31:05","guid":{"rendered":"https:\/\/corrientesdetarde.com\/?p=131413"},"modified":"2024-03-09T22:12:14","modified_gmt":"2024-03-10T01:12:14","slug":"karina-milei-mostro-como-quedo-el-nuevo-salon-de-los-proceres-y-le-envio-un-mensaje-al-colectivo-de-mujeres","status":"publish","type":"post","link":"https:\/\/corrientesdetarde.com\/index.php\/informacion-general\/karina-milei-mostro-como-quedo-el-nuevo-salon-de-los-proceres-y-le-envio-un-mensaje-al-colectivo-de-mujeres\/","title":{"rendered":"Karina Milei mostr\u00f3 c\u00f3mo qued\u00f3 el nuevo Sal\u00f3n de los Pr\u00f3ceres y le envi\u00f3 un mensaje al colectivo de mujeres"},"content":{"rendered":"\n<p>&#8220;No al gui\u00f1o pol\u00edtico est\u00e9ril a un movimiento militante del momento&#8221;, apunt\u00f3 la hermana del Presidente en la presentaci\u00f3n de la remodelaci\u00f3n del ex Sal\u00f3n Mujeres.<\/p>\n\n\n\n<p><strong>La secretaria general de la Presidencia Karina Milei present\u00f3 hoy la remodelaci\u00f3n del ex Sal\u00f3n de las Mujeres, que de ahora en m\u00e1s conmemorar\u00e1 a los Pr\u00f3ceres Argentinos, y calific\u00f3 al movimiento feminista como una expresi\u00f3n militante moment\u00e1nea.&nbsp;<\/strong><\/p>\n\n\n\n<p>La secretaria general de la Presidencia mostr\u00f3 los cambios que se realizaron a trav\u00e9s de un mensaje que se public\u00f3 en la cuenta oficial de X de la Casa Rosada, donde se puede escuchar su voz en off.<\/p>\n\n\n\n<p>&#8220;<strong>Nosotros venimos a honrar a los pr\u00f3ceres de nuestra historia, a los que hicieron de la Argentina un pa\u00eds grande, muchos de los cuales fueron ocultados y ninguneados por los \u00faltimos gobiernos<\/strong>&#8220;, dice Karina Milei en el audiovisual.&nbsp;<\/p>\n\n\n\n<p>&#8220;Celebramos a los h\u00e9roes de la Independencia y celebramos a los protagonistas de nuestros mejores a\u00f1os. Pr\u00f3ceres que dieron su vida por la patria&#8221;, afirma la hermana del Presidente, mientras el video muestra im\u00e1genes del ex mandatario nacional Julio Argentino Roca, entre otros personajes celebres de la historia Argentina.&nbsp;<\/p>\n\n\n\n<p>&#8220;Esta administraci\u00f3n no va a promover desde el Estado militancias que generan discordia y divisi\u00f3n entre los argentinos&#8221;, dice la secretaria general de la Presidencia mientras se puede ver una l\u00e1mina con la imagen del ex presidente Bartolom\u00e9 Mitre cubriendo el cuadro de Juana Azurduy.<\/p>\n\n\n\n<p>&#8220;No importa la gran historia, la gran gesta argentina. Homenajes que son v\u00e1lidos hoy y lo ser\u00e1n dentro de 100 a\u00f1os y no el gui\u00f1\u00f3 pol\u00edtico est\u00e9ril a un movimiento militante del movimiento militante del momento, que las mujeres argentinas tampoco necesitamos&#8221;, cierra Karina Milei.<\/p>\n\n\n\n<p>La publicaci\u00f3n del video por parte de Casa Rosada se dio en el marco del D\u00eda Internacional de la Mujer y luego de que el Gobierno anunci\u00f3 esta ma\u00f1ana que cambiar\u00e1 el nombre del Sal\u00f3n de las Mujeres Argentinas del Bicentenario.<\/p>\n\n\n\n<figure class=\"wp-block-video\"><video height=\"720\" style=\"aspect-ratio: 1280 \/ 720;\" width=\"1280\" controls src=\"https:\/\/corrientesdetarde.com\/wp-content\/uploads\/2024\/03\/3.mp4\"><\/video><\/figure>\n","protected":false},"excerpt":{"rendered":"<p>&#8220;No al gui\u00f1o pol\u00edtico est\u00e9ril a un movimiento militante del momento&#8221;, apunt\u00f3 la hermana del Presidente en la presentaci\u00f3n de la remodelaci\u00f3n del ex Sal\u00f3n Mujeres. La secretaria general de&hellip; <\/p>\n","protected":false},"author":4,"featured_media":131415,"comment_status":"closed","ping_status":"open","sticky":false,"template":"","format":"standard","meta":{"footnotes":""},"categories":[1],"tags":[],"class_list":["post-131413","post","type-post","status-publish","format-standard","has-post-thumbnail","hentry","category-informacion-general"],"_links":{"self":[{"href":"https:\/\/corrientesdetarde.com\/index.php\/wp-json\/wp\/v2\/posts\/131413","targetHints":{"allow":["GET"]}}],"collection":[{"href":"https:\/\/corrientesdetarde.com\/index.php\/wp-json\/wp\/v2\/posts"}],"about":[{"href":"https:\/\/corrientesdetarde.com\/index.php\/wp-json\/wp\/v2\/types\/post"}],"author":[{"embeddable":true,"href":"https:\/\/corrientesdetarde.com\/index.php\/wp-json\/wp\/v2\/users\/4"}],"replies":[{"embeddable":true,"href":"https:\/\/corrientesdetarde.com\/index.php\/wp-json\/wp\/v2\/comments?post=131413"}],"version-history":[{"count":1,"href":"https:\/\/corrientesdetarde.com\/index.php\/wp-json\/wp\/v2\/posts\/131413\/revisions"}],"predecessor-version":[{"id":131416,"href":"https:\/\/corrientesdetarde.com\/index.php\/wp-json\/wp\/v2\/posts\/131413\/revisions\/131416"}],"wp:featuredmedia":[{"embeddable":true,"href":"https:\/\/corrientesdetarde.com\/index.php\/wp-json\/wp\/v2\/media\/131415"}],"wp:attachment":[{"href":"https:\/\/corrientesdetarde.com\/index.php\/wp-json\/wp\/v2\/media?parent=131413"}],"wp:term":[{"taxonomy":"category","embeddable":true,"href":"https:\/\/corrientesdetarde.com\/index.php\/wp-json\/wp\/v2\/categories?post=131413"},{"taxonomy":"post_tag","embeddable":true,"href":"https:\/\/corrientesdetarde.com\/index.php\/wp-json\/wp\/v2\/tags?post=131413"}],"curies":[{"name":"wp","href":"https:\/\/api.w.org\/{rel}","templated":true}]}}