{"id":131417,"date":"2024-03-09T18:37:40","date_gmt":"2024-03-09T21:37:40","guid":{"rendered":"https:\/\/corrientesdetarde.com\/?p=131417"},"modified":"2024-03-09T18:37:52","modified_gmt":"2024-03-09T21:37:52","slug":"el-kun-aguero-y-sofia-calzetti-confirmaron-que-seran-padres-de-una-nena","status":"publish","type":"post","link":"https:\/\/corrientesdetarde.com\/index.php\/espectaculos\/el-kun-aguero-y-sofia-calzetti-confirmaron-que-seran-padres-de-una-nena\/","title":{"rendered":"El Kun Ag\u00fcero y Sof\u00eda Calzetti confirmaron que ser\u00e1n padres de una nena"},"content":{"rendered":"\n<p><h2 class=\"article-deck\" style=\"box-sizing: border-box; font-weight: normal; font-size: 24px; margin: 8px 0px; color: rgb(33, 33, 33); font-family: &quot;Avenir LT Std&quot;, Arial; white-space-collapse: collapse;\">\u201c\u00a1Emoci\u00f3n inmensa! Te estamos esperando hijita\u201d, escribieron al compartir la foto de la ecograf\u00eda.<\/h2><\/p>\n\n\n\n<p><strong>Sergio \u201cKun\u201d Ag\u00fcero<\/strong>\u00a0y su novia,\u00a0<strong>Sof\u00eda Calzetti,<\/strong>\u00a0compartieron un posteo en su cuenta de Instagram para anunciar oficialmente que<strong>\u00a0ser\u00e1n padres de una nena.<\/strong><\/p>\n\n\n\n<p><strong>\u201c\u00a1Emoci\u00f3n inmensa! Te estamos esperando hijita<\/strong><strong>\u201d<\/strong>, escribieron el ex jugador y su novia con una foto de sus manos entrelazadas y dos im\u00e1genes de la ecograf\u00eda que se realiz\u00f3 la joven en los \u00faltimos d\u00edas.<\/p>\n\n\n\n<figure class=\"wp-block-image size-full\"><img loading=\"lazy\" decoding=\"async\" width=\"779\" height=\"391\" src=\"https:\/\/corrientesdetarde.com\/wp-content\/uploads\/2024\/03\/image-189.png\" alt=\"\" class=\"wp-image-131418\" srcset=\"https:\/\/corrientesdetarde.com\/wp-content\/uploads\/2024\/03\/image-189.png 779w, https:\/\/corrientesdetarde.com\/wp-content\/uploads\/2024\/03\/image-189-300x151.png 300w, https:\/\/corrientesdetarde.com\/wp-content\/uploads\/2024\/03\/image-189-768x385.png 768w\" sizes=\"auto, (max-width: 779px) 100vw, 779px\" \/><\/figure>\n\n\n\n<p>El rumor hab\u00eda trascendido hace una semana, pero ninguno hab\u00eda confirmado la informaci\u00f3n. Esperaron el tiempo prudencial para hacerlo juntos y as\u00ed compartir con todos la alegr\u00eda por la llegada de la heredera.&nbsp;<\/p>\n\n\n\n<p>\u201cMe lleg\u00f3 ayer, pero est\u00e1 chequead\u00edsimo. Pas\u00f3 los tres meses del embarazo, lo prudencial.<strong>&nbsp;El Kun Ag\u00fcero va a ser pap\u00e1, est\u00e1 muy contenta la pareja\u201d<\/strong>, hab\u00eda anunciado&nbsp;<strong>Flor de la V&nbsp;<\/strong>en<em>&nbsp;Intrusos.<\/em><\/p>\n\n\n\n<p>La pareja lleva cinco a\u00f1os de relaci\u00f3n, aunque en 2023 atravesaron una fuerte crisis que los hizo pensar en separarse.<\/p>\n\n\n\n<p>El Kun ya es padre&nbsp;<strong>de Benjam\u00edn Ag\u00fcero<\/strong>, fruto de su relaci\u00f3n con&nbsp;<strong>Gianinna Maradona<\/strong>. Seg\u00fan asegur\u00f3 Calzetti, se lleva muy bien con el adolescente de 15 a\u00f1os: \u201cPor suerte espectacular. El otro d\u00eda fue el cumple de Benja y estuvimos juntos, disfrutamos. Todo incre\u00edble.<strong>&nbsp;Me llevo espectacular, la verdad que Benja es todo, yo lo adoro. Con la mam\u00e1 tambi\u00e9n, la mejor siempre.&nbsp;Yo los considero familia, son casi cinco a\u00f1os que venimos compartiendo.&nbsp;<\/strong>El otro d\u00eda miraba fotos y ve\u00eda a Benja tan chico. Y s\u00ed, me sorprende el paso del tiempo, verlo crecer, verlo jugar al f\u00fatbol. La verdad que lo considero familia\u201d.<\/p>\n","protected":false},"excerpt":{"rendered":"<p>\u201c\u00a1Emoci\u00f3n inmensa! Te estamos esperando hijita\u201d, escribieron al compartir la foto de la ecograf\u00eda. Sergio \u201cKun\u201d Ag\u00fcero\u00a0y su novia,\u00a0Sof\u00eda Calzetti,\u00a0compartieron un posteo en su cuenta de Instagram para anunciar oficialmente&hellip; <\/p>\n","protected":false},"author":4,"featured_media":131419,"comment_status":"closed","ping_status":"open","sticky":false,"template":"","format":"standard","meta":{"footnotes":""},"categories":[19],"tags":[],"class_list":["post-131417","post","type-post","status-publish","format-standard","has-post-thumbnail","hentry","category-espectaculos"],"_links":{"self":[{"href":"https:\/\/corrientesdetarde.com\/index.php\/wp-json\/wp\/v2\/posts\/131417","targetHints":{"allow":["GET"]}}],"collection":[{"href":"https:\/\/corrientesdetarde.com\/index.php\/wp-json\/wp\/v2\/posts"}],"about":[{"href":"https:\/\/corrientesdetarde.com\/index.php\/wp-json\/wp\/v2\/types\/post"}],"author":[{"embeddable":true,"href":"https:\/\/corrientesdetarde.com\/index.php\/wp-json\/wp\/v2\/users\/4"}],"replies":[{"embeddable":true,"href":"https:\/\/corrientesdetarde.com\/index.php\/wp-json\/wp\/v2\/comments?post=131417"}],"version-history":[{"count":1,"href":"https:\/\/corrientesdetarde.com\/index.php\/wp-json\/wp\/v2\/posts\/131417\/revisions"}],"predecessor-version":[{"id":131420,"href":"https:\/\/corrientesdetarde.com\/index.php\/wp-json\/wp\/v2\/posts\/131417\/revisions\/131420"}],"wp:featuredmedia":[{"embeddable":true,"href":"https:\/\/corrientesdetarde.com\/index.php\/wp-json\/wp\/v2\/media\/131419"}],"wp:attachment":[{"href":"https:\/\/corrientesdetarde.com\/index.php\/wp-json\/wp\/v2\/media?parent=131417"}],"wp:term":[{"taxonomy":"category","embeddable":true,"href":"https:\/\/corrientesdetarde.com\/index.php\/wp-json\/wp\/v2\/categories?post=131417"},{"taxonomy":"post_tag","embeddable":true,"href":"https:\/\/corrientesdetarde.com\/index.php\/wp-json\/wp\/v2\/tags?post=131417"}],"curies":[{"name":"wp","href":"https:\/\/api.w.org\/{rel}","templated":true}]}}