{"id":131421,"date":"2024-03-09T18:50:31","date_gmt":"2024-03-09T21:50:31","guid":{"rendered":"https:\/\/corrientesdetarde.com\/?p=131421"},"modified":"2024-03-09T18:50:34","modified_gmt":"2024-03-09T21:50:34","slug":"alfredo-casero-cruzo-a-pedro-rosemblat-el-novio-de-lali-tilingo","status":"publish","type":"post","link":"https:\/\/corrientesdetarde.com\/index.php\/espectaculos\/alfredo-casero-cruzo-a-pedro-rosemblat-el-novio-de-lali-tilingo\/","title":{"rendered":"Alfredo Casero cruz\u00f3 a Pedro Rosemblat, el novio de Lali: \u201cTilingo\u201d"},"content":{"rendered":"\n<p>El actor public\u00f3 un video en sus redes sociales reaccionando a un editorial del periodista sobre el cierre de T\u00e9lam.<\/p>\n\n\n\n<p>Desde que confirm\u00f3 su romance con&nbsp;<strong>Lali Esp\u00f3sito<\/strong>, el periodista&nbsp;<strong>Pedro Rosemblat&nbsp;<\/strong>se convirti\u00f3 en un foco de atenci\u00f3n, principalmente por su orientaci\u00f3n pol\u00edtica. En su programa de streaming&nbsp;<em>Industria Nacional&nbsp;<\/em>realiz\u00f3 una editorial hablando sobre el gobierno de&nbsp;<strong>Javier Milei<\/strong>&nbsp;y&nbsp;<strong>Alfredo Casero&nbsp;<\/strong>reaccion\u00f3 con un video en redes sociales.&nbsp;<\/p>\n\n\n\n<p>El periodista y novio de Lali desarroll\u00f3 su opini\u00f3n sobre el cierre de la agencia de noticias T\u00e9lam y critic\u00f3 las medidas del gobierno de Javier Milei. &#8220;<strong>Quiero expresar nuestra solidaridad hacia los trabajadores afectados<\/strong>, pero tambi\u00e9n<strong>&nbsp;se\u00f1alar a aquellos que celebran estas situaciones<\/strong>, record\u00e1ndoles que la historia es larga&#8221;, expres\u00f3 el joven dentro de su editorial.&nbsp;<\/p>\n\n\n\n<p>Rosemblat se manifest\u00f3 muy enojado por esta situaci\u00f3n y asegur\u00f3: \u201cAunque no promovemos la venganza, personalmente admito que guardo rencores.&nbsp;<strong>As\u00ed que tomar\u00e9 nota de aquellos que se regocijan ante las desgracias del pueblo argentino<\/strong>\u201d.&nbsp;<\/p>\n\n\n\n<p>Esta declaraci\u00f3n caus\u00f3 revuelo en redes sociales donde usuarios de X (ex Twitter) lo acusaron de tener una&nbsp;<strong>\u201clista negra\u201d<\/strong>. A este grupo de personas se sum\u00f3 Alfredo Casero, quien public\u00f3 un descargo opinando sobre el actor.<\/p>\n\n\n\n<h3 class=\"wp-block-heading\"><strong>El descargo de Alfredo Casero contra Pedro Rosemblat<\/strong><\/h3>\n\n\n\n<figure class=\"wp-block-embed is-type-video is-provider-youtube wp-block-embed-youtube wp-embed-aspect-16-9 wp-has-aspect-ratio\"><div class=\"wp-block-embed__wrapper\">\n<iframe loading=\"lazy\" title=\"Alfredo Casero cruz\u00f3 a Pedro Rosemblat, el novio de Lali: \u201cTilingo\u201d\" width=\"1110\" height=\"624\" src=\"https:\/\/www.youtube.com\/embed\/MCY1sKvwu2w?feature=oembed\" frameborder=\"0\" allow=\"accelerometer; autoplay; clipboard-write; encrypted-media; gyroscope; picture-in-picture; web-share\" allowfullscreen><\/iframe>\n<\/div><\/figure>\n\n\n\n<p>\u201c<strong>Ten\u00e9s un odio, tilingo, qu\u00e9 alegr\u00eda.&nbsp;<\/strong>Vos habl\u00e1s de venganza. Te duele el alma. Qu\u00e9 alegr\u00eda\u201d, escribi\u00f3 antes de publicar su video y a\u00f1adi\u00f3: \u201cNabo,&nbsp;<strong>me recontra cago en tu lista negra, en tus amenazas y en tus muelas<\/strong>\u201d.<\/p>\n\n\n\n<p>\u201cEsta es una contestaci\u00f3n que quiero darle a este pibe, que creo que es el novio de Lali Esp\u00f3sito, en donde dice que \u00e9l es muy rencoroso. Primero,<strong>&nbsp;si ten\u00e9s problemas de rencor es porque ten\u00e9s alg\u00fan problema de chico<\/strong>, porque yo tengo problemas de rencor porque tengo problemas de chico\u201d, comenz\u00f3 con su descargo Alfredo Casero.&nbsp;<\/p>\n\n\n\n<p>El actor no dud\u00f3 en cruzar a Rosemblat por sus dichos y lo acus\u00f3 de \u201cinstalar miedo en la gente\u201d. \u201cAhora, lo que nunca m\u00e1s en la vida voy a permitir es que un pelotudo, sin ning\u00fan tipo de poder,&nbsp;<strong>infiera miedo en la gente que piensa diferente que \u00e9l<\/strong>\u201d, sostuvo.<\/p>\n\n\n\n<p>Por otra parte, remarc\u00f3 que hay muchos argentinos que apoyan al gobierno y asegur\u00f3 estar contento con el fin del gobierno de Alberto Fern\u00e1ndez. \u201cNosotros s\u00ed estamos saltando en una pata y s\u00ed estamos festejando.&nbsp;<strong>Estamos festejando que se haya ido el gobierno de ladrones m\u00e1s grande que existi\u00f3 en la Argentina.<\/strong>&nbsp;La cadena de chorros que nos destroz\u00f3, destroz\u00f3 la cabeza de la gente, mat\u00f3 gente e incluso entre medio de toda la mierda y de toda la pandemia y de los muertos hicieron negocios\u201d, dispar\u00f3.&nbsp;<\/p>\n\n\n\n<p>Para cerrar se refiri\u00f3 a la \u201clista negra\u201d que estar\u00eda ideando Rosemblat: \u201c\u00bfCon eso vos nos amenazas que vamos a estar en una lista negra? Ya no me importa, a m\u00ed eso no me hace nada, lo digo por vos tambi\u00e9n, porque<strong>&nbsp;vas a tener much\u00edsima gente en la lista negra<\/strong>\u201d.&nbsp;<\/p>\n","protected":false},"excerpt":{"rendered":"<p>El actor public\u00f3 un video en sus redes sociales reaccionando a un editorial del periodista sobre el cierre de T\u00e9lam. Desde que confirm\u00f3 su romance con&nbsp;Lali Esp\u00f3sito, el periodista&nbsp;Pedro Rosemblat&nbsp;se&hellip; <\/p>\n","protected":false},"author":4,"featured_media":131422,"comment_status":"closed","ping_status":"open","sticky":false,"template":"","format":"standard","meta":{"footnotes":""},"categories":[19],"tags":[],"class_list":["post-131421","post","type-post","status-publish","format-standard","has-post-thumbnail","hentry","category-espectaculos"],"_links":{"self":[{"href":"https:\/\/corrientesdetarde.com\/index.php\/wp-json\/wp\/v2\/posts\/131421","targetHints":{"allow":["GET"]}}],"collection":[{"href":"https:\/\/corrientesdetarde.com\/index.php\/wp-json\/wp\/v2\/posts"}],"about":[{"href":"https:\/\/corrientesdetarde.com\/index.php\/wp-json\/wp\/v2\/types\/post"}],"author":[{"embeddable":true,"href":"https:\/\/corrientesdetarde.com\/index.php\/wp-json\/wp\/v2\/users\/4"}],"replies":[{"embeddable":true,"href":"https:\/\/corrientesdetarde.com\/index.php\/wp-json\/wp\/v2\/comments?post=131421"}],"version-history":[{"count":1,"href":"https:\/\/corrientesdetarde.com\/index.php\/wp-json\/wp\/v2\/posts\/131421\/revisions"}],"predecessor-version":[{"id":131423,"href":"https:\/\/corrientesdetarde.com\/index.php\/wp-json\/wp\/v2\/posts\/131421\/revisions\/131423"}],"wp:featuredmedia":[{"embeddable":true,"href":"https:\/\/corrientesdetarde.com\/index.php\/wp-json\/wp\/v2\/media\/131422"}],"wp:attachment":[{"href":"https:\/\/corrientesdetarde.com\/index.php\/wp-json\/wp\/v2\/media?parent=131421"}],"wp:term":[{"taxonomy":"category","embeddable":true,"href":"https:\/\/corrientesdetarde.com\/index.php\/wp-json\/wp\/v2\/categories?post=131421"},{"taxonomy":"post_tag","embeddable":true,"href":"https:\/\/corrientesdetarde.com\/index.php\/wp-json\/wp\/v2\/tags?post=131421"}],"curies":[{"name":"wp","href":"https:\/\/api.w.org\/{rel}","templated":true}]}}