{"id":131424,"date":"2024-03-09T18:52:07","date_gmt":"2024-03-09T21:52:07","guid":{"rendered":"https:\/\/corrientesdetarde.com\/?p=131424"},"modified":"2024-03-09T18:52:10","modified_gmt":"2024-03-09T21:52:10","slug":"el-show-de-luis-miguel-se-suspendio-por-alerta-meteorologico-y-sera-el-domingo","status":"publish","type":"post","link":"https:\/\/corrientesdetarde.com\/index.php\/espectaculos\/el-show-de-luis-miguel-se-suspendio-por-alerta-meteorologico-y-sera-el-domingo\/","title":{"rendered":"El show de Luis Miguel se suspendi\u00f3 por alerta meteorol\u00f3gico y ser\u00e1 el domingo"},"content":{"rendered":"\n<p>Los tickets adquiridos ser\u00e1n v\u00e1lidos para el 10 de marzo.<\/p>\n\n\n\n<p>El&nbsp;<strong>Gobierno de la Ciudad anunci\u00f3 esta noche la suspensi\u00f3n de todos los recitales al aire libre previstos para esta noche, incluido el muy esperado show de Luis Miguel,<\/strong>&nbsp;debido a un alerta meteorol\u00f3gico naranja emitido por el Servicio Meteorol\u00f3gico Nacional (SMN).<\/p>\n\n\n\n<p><strong>Fenix Entertainment inform\u00f3 que \u201c<\/strong><em><strong>por disposici\u00f3n del Gobierno de la Ciudad,<\/strong>&nbsp;y en pos de resguardar la seguridad de todos los asistentes, queda suspendido el show del d\u00eda de hoy. El SMN elev\u00f3 a naranja la alerta de tormentas fuertes, iniciando su vigencia a partir de ahora y hasta la madrugada del s\u00e1bado inclusive<\/em>\u201d.<\/p>\n\n\n\n<p>A su vez, la empresa hizo saber que\u00a0<em>\u201cel evento se realizar\u00e1 el d\u00eda domingo 10 de marzo en el mismo horario. Los tickets adquiridos ser\u00e1n v\u00e1lidos para dicha fecha\u201d<\/em>.<\/p>\n\n\n\n<figure class=\"wp-block-image size-full\"><img loading=\"lazy\" decoding=\"async\" width=\"778\" height=\"469\" src=\"https:\/\/corrientesdetarde.com\/wp-content\/uploads\/2024\/03\/image-190.png\" alt=\"\" class=\"wp-image-131425\" srcset=\"https:\/\/corrientesdetarde.com\/wp-content\/uploads\/2024\/03\/image-190.png 778w, https:\/\/corrientesdetarde.com\/wp-content\/uploads\/2024\/03\/image-190-300x181.png 300w, https:\/\/corrientesdetarde.com\/wp-content\/uploads\/2024\/03\/image-190-768x463.png 768w\" sizes=\"auto, (max-width: 778px) 100vw, 778px\" \/><\/figure>\n\n\n\n<p>Por su parte, el Gobierno de la Ciudad dio a conocer un comunicado:&nbsp;<em>\u201cLa decisi\u00f3n de posponer los eventos se tom\u00f3 con el objetivo de garantizar la seguridad de los asistentes ante la inminencia de tormentas fuertes\u201d<\/em>.<\/p>\n\n\n\n<p>Esta medida preventiva responde a la necesidad de extremar los recaudos de seguridad en eventos al aire libre, donde el riesgo se incrementa notablemente ante condiciones clim\u00e1ticas adversas.&nbsp;<\/p>\n","protected":false},"excerpt":{"rendered":"<p>Los tickets adquiridos ser\u00e1n v\u00e1lidos para el 10 de marzo. El&nbsp;Gobierno de la Ciudad anunci\u00f3 esta noche la suspensi\u00f3n de todos los recitales al aire libre previstos para esta noche,&hellip; <\/p>\n","protected":false},"author":4,"featured_media":131426,"comment_status":"closed","ping_status":"open","sticky":false,"template":"","format":"standard","meta":{"footnotes":""},"categories":[19],"tags":[],"class_list":["post-131424","post","type-post","status-publish","format-standard","has-post-thumbnail","hentry","category-espectaculos"],"_links":{"self":[{"href":"https:\/\/corrientesdetarde.com\/index.php\/wp-json\/wp\/v2\/posts\/131424","targetHints":{"allow":["GET"]}}],"collection":[{"href":"https:\/\/corrientesdetarde.com\/index.php\/wp-json\/wp\/v2\/posts"}],"about":[{"href":"https:\/\/corrientesdetarde.com\/index.php\/wp-json\/wp\/v2\/types\/post"}],"author":[{"embeddable":true,"href":"https:\/\/corrientesdetarde.com\/index.php\/wp-json\/wp\/v2\/users\/4"}],"replies":[{"embeddable":true,"href":"https:\/\/corrientesdetarde.com\/index.php\/wp-json\/wp\/v2\/comments?post=131424"}],"version-history":[{"count":1,"href":"https:\/\/corrientesdetarde.com\/index.php\/wp-json\/wp\/v2\/posts\/131424\/revisions"}],"predecessor-version":[{"id":131427,"href":"https:\/\/corrientesdetarde.com\/index.php\/wp-json\/wp\/v2\/posts\/131424\/revisions\/131427"}],"wp:featuredmedia":[{"embeddable":true,"href":"https:\/\/corrientesdetarde.com\/index.php\/wp-json\/wp\/v2\/media\/131426"}],"wp:attachment":[{"href":"https:\/\/corrientesdetarde.com\/index.php\/wp-json\/wp\/v2\/media?parent=131424"}],"wp:term":[{"taxonomy":"category","embeddable":true,"href":"https:\/\/corrientesdetarde.com\/index.php\/wp-json\/wp\/v2\/categories?post=131424"},{"taxonomy":"post_tag","embeddable":true,"href":"https:\/\/corrientesdetarde.com\/index.php\/wp-json\/wp\/v2\/tags?post=131424"}],"curies":[{"name":"wp","href":"https:\/\/api.w.org\/{rel}","templated":true}]}}