{"id":131440,"date":"2024-03-09T19:25:35","date_gmt":"2024-03-09T22:25:35","guid":{"rendered":"https:\/\/corrientesdetarde.com\/?p=131440"},"modified":"2024-03-09T19:25:39","modified_gmt":"2024-03-09T22:25:39","slug":"invitados-de-almorzando-con-juana-viale-del-10-de-marzo","status":"publish","type":"post","link":"https:\/\/corrientesdetarde.com\/index.php\/espectaculos\/invitados-de-almorzando-con-juana-viale-del-10-de-marzo\/","title":{"rendered":"Invitados de Almorzando con Juana Viale del 10 de marzo"},"content":{"rendered":"\n<p>Este domingo 10 de marzo, en &#8220;Almorzando con Juana&#8221;, Juana Viale recibir\u00e1 a Mar\u00eda Julia Oliv\u00e1n, Juanchi Baleir\u00f3n, Candela Ruggeri, Nicol\u00e1s Garc\u00eda Hume y Eial Moldavsky. Prepara tus almuerzos y \u00fanete a esta conversaci\u00f3n imperdible llena de entretenimiento y diversi\u00f3n.<\/p>\n\n\n\n<p>El pr\u00f3ximo domingo 10 de marzo, a las 13:45hs, los televidentes tendr\u00e1n la oportunidad de disfrutar de un almuerzo lleno de charlas interesantes y momentos amenos en el programa &#8220;Almorzando con Juana&#8221;,\u00a0que se transmite por Eltrece.<\/p>\n\n\n\n<p>Los invitados de lujo que compartir\u00e1n la mesa con Juana Viale son&nbsp;<strong>Mar\u00eda Julia Oliv\u00e1n<\/strong>,&nbsp;<strong>Juanchi Baleir\u00f3n<\/strong>,&nbsp;<strong>Candela Ruggeri<\/strong>,&nbsp;<strong>Nicol\u00e1s Garc\u00eda Hume<\/strong>&nbsp;y&nbsp;<strong>Eial Moldavsky<\/strong>.<\/p>\n\n\n\n<p>Con su estilo aut\u00e9ntico y descontracturado, Juana Viale regresa a la pantalla de Eltrece para ofrecer almuerzos dominicales que combinan entretenimiento, acompa\u00f1amiento y diversi\u00f3n, siendo un espacio esperado por los argentinos semana tras semana.<\/p>\n\n\n\n<p>No te pierdas este encuentro especial lleno de intercambios enriquecedores y momentos memorables este domingo 10 de marzo en\u00a0&#8220;Almorzando con Juana&#8221;.<\/p>\n","protected":false},"excerpt":{"rendered":"<p>Este domingo 10 de marzo, en &#8220;Almorzando con Juana&#8221;, Juana Viale recibir\u00e1 a Mar\u00eda Julia Oliv\u00e1n, Juanchi Baleir\u00f3n, Candela Ruggeri, Nicol\u00e1s Garc\u00eda Hume y Eial Moldavsky. Prepara tus almuerzos y&hellip; <\/p>\n","protected":false},"author":4,"featured_media":131441,"comment_status":"closed","ping_status":"open","sticky":false,"template":"","format":"standard","meta":{"footnotes":""},"categories":[19],"tags":[],"class_list":["post-131440","post","type-post","status-publish","format-standard","has-post-thumbnail","hentry","category-espectaculos"],"_links":{"self":[{"href":"https:\/\/corrientesdetarde.com\/index.php\/wp-json\/wp\/v2\/posts\/131440","targetHints":{"allow":["GET"]}}],"collection":[{"href":"https:\/\/corrientesdetarde.com\/index.php\/wp-json\/wp\/v2\/posts"}],"about":[{"href":"https:\/\/corrientesdetarde.com\/index.php\/wp-json\/wp\/v2\/types\/post"}],"author":[{"embeddable":true,"href":"https:\/\/corrientesdetarde.com\/index.php\/wp-json\/wp\/v2\/users\/4"}],"replies":[{"embeddable":true,"href":"https:\/\/corrientesdetarde.com\/index.php\/wp-json\/wp\/v2\/comments?post=131440"}],"version-history":[{"count":1,"href":"https:\/\/corrientesdetarde.com\/index.php\/wp-json\/wp\/v2\/posts\/131440\/revisions"}],"predecessor-version":[{"id":131442,"href":"https:\/\/corrientesdetarde.com\/index.php\/wp-json\/wp\/v2\/posts\/131440\/revisions\/131442"}],"wp:featuredmedia":[{"embeddable":true,"href":"https:\/\/corrientesdetarde.com\/index.php\/wp-json\/wp\/v2\/media\/131441"}],"wp:attachment":[{"href":"https:\/\/corrientesdetarde.com\/index.php\/wp-json\/wp\/v2\/media?parent=131440"}],"wp:term":[{"taxonomy":"category","embeddable":true,"href":"https:\/\/corrientesdetarde.com\/index.php\/wp-json\/wp\/v2\/categories?post=131440"},{"taxonomy":"post_tag","embeddable":true,"href":"https:\/\/corrientesdetarde.com\/index.php\/wp-json\/wp\/v2\/tags?post=131440"}],"curies":[{"name":"wp","href":"https:\/\/api.w.org\/{rel}","templated":true}]}}