{"id":131450,"date":"2024-03-09T19:37:19","date_gmt":"2024-03-09T22:37:19","guid":{"rendered":"https:\/\/corrientesdetarde.com\/?p=131450"},"modified":"2024-03-09T19:37:30","modified_gmt":"2024-03-09T22:37:30","slug":"las-ferias-de-la-ciudad-inician-un-nuevo-recorrido-semanal-por-espacios-publicos-2","status":"publish","type":"post","link":"https:\/\/corrientesdetarde.com\/index.php\/actualidad\/las-ferias-de-la-ciudad-inician-un-nuevo-recorrido-semanal-por-espacios-publicos-2\/","title":{"rendered":"Las Ferias de la Ciudad inician un nuevo recorrido semanal por espacios p\u00fablicos"},"content":{"rendered":"\n<p><em>Feriantes de frutas, verduras, panificados caseros, dulces regionales, artesan\u00edas y plantas ornamentales estar\u00e1n ofreciendo sus productos del lunes 11 a domingo 17 . Este mes tiene como novedad la vuelta de la propuesta municipal al barrio Libertad, ya que luego de varios meses se instalar\u00e1 en la plazoleta Los Amigos.<\/em><\/p>\n\n\n\n<figure class=\"wp-block-image size-large\"><img loading=\"lazy\" decoding=\"async\" width=\"1024\" height=\"683\" src=\"https:\/\/corrientesdetarde.com\/wp-content\/uploads\/2024\/03\/image-191-1024x683.png\" alt=\"\" class=\"wp-image-131451\" srcset=\"https:\/\/corrientesdetarde.com\/wp-content\/uploads\/2024\/03\/image-191-1024x683.png 1024w, https:\/\/corrientesdetarde.com\/wp-content\/uploads\/2024\/03\/image-191-300x200.png 300w, https:\/\/corrientesdetarde.com\/wp-content\/uploads\/2024\/03\/image-191-768x512.png 768w, https:\/\/corrientesdetarde.com\/wp-content\/uploads\/2024\/03\/image-191.png 1250w\" sizes=\"auto, (max-width: 1024px) 100vw, 1024px\" \/><\/figure>\n\n\n\n<p>Organizado por la Municipalidad de Corrientes, las Ferias de la Ciudad iniciar\u00e1n un nuevo recorrido semanal por plazas, parques y espacios verdes ya promediando el mes de marzo.<br><br>Tal como es habitual cada semana, los vecinos podr\u00e1n conseguir productos de calidad y a precios convenientes.<br><br>La propuesta tiene la coordinaci\u00f3n de la Secretar\u00eda de Desarrollo Econ\u00f3mico municipal, a trav\u00e9s de la Subsecretar\u00eda de Econom\u00eda Social, y ofrece frutas y verduras, adem\u00e1s de productos panificados caseros, dulces regionales, artesan\u00edas y plantas ornamentales.\u00a0\u00a0<br><br>El recorrido de la semana entrante comenzar\u00e1 el lunes 11 de marzo en la plaza Rep\u00fablica del Per\u00fa del barrio Mil Viviendas (Patagonia y La Paz) y en la plazoleta Los Inmigrantes (Sarmiento y Ac. Correa) del barrio Ber\u00f3n de Astrada.\u00a0<\/p>\n\n\n\n<figure class=\"wp-block-image size-large\"><img loading=\"lazy\" decoding=\"async\" width=\"1024\" height=\"676\" src=\"https:\/\/corrientesdetarde.com\/wp-content\/uploads\/2024\/03\/image-193-1024x676.png\" alt=\"\" class=\"wp-image-131453\" srcset=\"https:\/\/corrientesdetarde.com\/wp-content\/uploads\/2024\/03\/image-193-1024x676.png 1024w, https:\/\/corrientesdetarde.com\/wp-content\/uploads\/2024\/03\/image-193-300x198.png 300w, https:\/\/corrientesdetarde.com\/wp-content\/uploads\/2024\/03\/image-193-768x507.png 768w, https:\/\/corrientesdetarde.com\/wp-content\/uploads\/2024\/03\/image-193.png 1273w\" sizes=\"auto, (max-width: 1024px) 100vw, 1024px\" \/><\/figure>\n\n\n\n<p><br><br>El martes 12, de 8 a 13, desembarcar\u00e1n en la plaza Torrent (San Lorenzo y Bol\u00edvar) del barrio Centro. Este d\u00eda, se recupera un tradicional lugar de excelente recepci\u00f3n para los vecinos: la plaza Los Amigos del barrio Libertad, por avenida Pujol, entre Brasil y Pellegrini.<br><br>El mi\u00e9rcoles 13, los feriantes estar\u00e1n en plaza Torrent, en tanto que el jueves 14, los puesteros se ubicar\u00e1n en plaza La Cruz (Salta y Belgrano) en el barrio del mismo nombre.\u00a0<br><br>El viernes 15, llegar\u00e1n al barrio Mil Viviendas (plaza Rep\u00fablica del Per\u00fa de Patagonia y La Paz); y al barrio Ber\u00f3n de Astrada (plazoleta Los Inmigrantes, en Correa Fern\u00e1ndez y Sarmiento).<br><br>El recorrido continuar\u00e1 el s\u00e1bado 16, de 8 a 13, por la calle Pil\u00fa G\u00f3mez y Jos\u00e9 Rol\u00f3n, en el parque Mitre, mientras que en el Paseo Arazaty estar\u00e1n de 10 a 22.\u00a0<br><br>El cierre de la semana ser\u00e1 el domingo 17, en el horario extendido de 10 a 22, en el Paseo Arazaty. All\u00ed los puesteros ofrecer\u00e1n plantas ornamentales, ofertas gastron\u00f3micas, artesan\u00edas y manualidades.\u00a0<br><br>CRONOGRAMA\u00a0\u00a0<br><br>Lunes 11 de marzo: plaza Rep\u00fablica del Per\u00fa (Mil Viviendas) y plazoleta Los Inmigrantes (Ber\u00f3n de Astrada).\u00a0<br><br>Martes 12 de marzo: plaza Torrent (barrio Centro) y plaza Los Amigos (barrio Libertad)\u00a0\u00a0<br><br>Mi\u00e9rcoles 13 de marzo: plaza Torrent (barrio Centro)\u00a0\u00a0<br><br>Jueves 14 de marzo: plaza La Cruz (barrio La Cruz)\u00a0\u00a0<br><br>Viernes 15 de marzo: plaza Rep\u00fablica del Per\u00fa (barrio Mil Viviendas) y plazoleta Los Inmigrantes (barrio Ber\u00f3n de Astrada).\u00a0\u00a0<br><br>S\u00e1bado 16 de marzo: parque Mitre y Paseo Arazaty\u00a0<br><br>Domingo 17 de marzo: Paseo Arazaty<\/p>\n\n\n\n<figure class=\"wp-block-image size-large\"><img loading=\"lazy\" decoding=\"async\" width=\"1024\" height=\"575\" src=\"https:\/\/corrientesdetarde.com\/wp-content\/uploads\/2024\/03\/image-192-1024x575.png\" alt=\"\" class=\"wp-image-131452\" srcset=\"https:\/\/corrientesdetarde.com\/wp-content\/uploads\/2024\/03\/image-192-1024x575.png 1024w, https:\/\/corrientesdetarde.com\/wp-content\/uploads\/2024\/03\/image-192-300x168.png 300w, https:\/\/corrientesdetarde.com\/wp-content\/uploads\/2024\/03\/image-192-768x431.png 768w, https:\/\/corrientesdetarde.com\/wp-content\/uploads\/2024\/03\/image-192.png 1269w\" sizes=\"auto, (max-width: 1024px) 100vw, 1024px\" \/><\/figure>\n","protected":false},"excerpt":{"rendered":"<p>Feriantes de frutas, verduras, panificados caseros, dulces regionales, artesan\u00edas y plantas ornamentales estar\u00e1n ofreciendo sus productos del lunes 11 a domingo 17 . Este mes tiene como novedad la vuelta&hellip; <\/p>\n","protected":false},"author":4,"featured_media":131455,"comment_status":"closed","ping_status":"open","sticky":false,"template":"","format":"standard","meta":{"footnotes":""},"categories":[23],"tags":[],"class_list":["post-131450","post","type-post","status-publish","format-standard","has-post-thumbnail","hentry","category-actualidad"],"_links":{"self":[{"href":"https:\/\/corrientesdetarde.com\/index.php\/wp-json\/wp\/v2\/posts\/131450","targetHints":{"allow":["GET"]}}],"collection":[{"href":"https:\/\/corrientesdetarde.com\/index.php\/wp-json\/wp\/v2\/posts"}],"about":[{"href":"https:\/\/corrientesdetarde.com\/index.php\/wp-json\/wp\/v2\/types\/post"}],"author":[{"embeddable":true,"href":"https:\/\/corrientesdetarde.com\/index.php\/wp-json\/wp\/v2\/users\/4"}],"replies":[{"embeddable":true,"href":"https:\/\/corrientesdetarde.com\/index.php\/wp-json\/wp\/v2\/comments?post=131450"}],"version-history":[{"count":1,"href":"https:\/\/corrientesdetarde.com\/index.php\/wp-json\/wp\/v2\/posts\/131450\/revisions"}],"predecessor-version":[{"id":131456,"href":"https:\/\/corrientesdetarde.com\/index.php\/wp-json\/wp\/v2\/posts\/131450\/revisions\/131456"}],"wp:featuredmedia":[{"embeddable":true,"href":"https:\/\/corrientesdetarde.com\/index.php\/wp-json\/wp\/v2\/media\/131455"}],"wp:attachment":[{"href":"https:\/\/corrientesdetarde.com\/index.php\/wp-json\/wp\/v2\/media?parent=131450"}],"wp:term":[{"taxonomy":"category","embeddable":true,"href":"https:\/\/corrientesdetarde.com\/index.php\/wp-json\/wp\/v2\/categories?post=131450"},{"taxonomy":"post_tag","embeddable":true,"href":"https:\/\/corrientesdetarde.com\/index.php\/wp-json\/wp\/v2\/tags?post=131450"}],"curies":[{"name":"wp","href":"https:\/\/api.w.org\/{rel}","templated":true}]}}