{"id":131463,"date":"2024-03-09T22:13:58","date_gmt":"2024-03-10T01:13:58","guid":{"rendered":"https:\/\/corrientesdetarde.com\/?p=131463"},"modified":"2024-03-09T22:14:10","modified_gmt":"2024-03-10T01:14:10","slug":"buscan-a-un-hombre-condenado-por-abusar-sexualmente-de-su-nieta","status":"publish","type":"post","link":"https:\/\/corrientesdetarde.com\/index.php\/crimen-y-justicia\/buscan-a-un-hombre-condenado-por-abusar-sexualmente-de-su-nieta\/","title":{"rendered":"Buscan a un hombre condenado por abusar sexualmente de su nieta"},"content":{"rendered":"\n<p>Un hombre que en septiembre del 2022 fue condenado a ocho a\u00f1os de prisi\u00f3n por abusar sexualmente de su nieta en la localidad de San Lorenzo, es intensamente buscado por la justicia y familia de las v\u00edctimas para que pueda cumplir con le pena establecida por el &nbsp;Tribunal Oral Penal (TOP) N\u00b01.<\/p>\n\n\n\n<p>Se trata de Pedro Mario Cabrera quien fue hallado culpable del delito de abuso sexual agravado, hecho ocurrido en un campo ubicado en Rinc\u00f3n de Ambrosio, en la localidad correntina de San Lorenzo.&nbsp;<\/p>\n\n\n\n<p>Cabrera, de 75 a\u00f1os, productor agropecuario domiciliado en Tercera Secci\u00f3n Rinc\u00f3n de Ambrosio, fue denunciado por su hija tras conocer el testimonio de la nieta, quien relat\u00f3 un abuso cometido cuando ten\u00eda 11 a\u00f1os.<\/p>\n\n\n\n<p>El Tribunal Oral Penal N\u00b01, integrado por los magistrados Ana del Carmen Figueredo, Cynthia Godoy Prats y Carlos Guerin, por unanimidad condenaron a Cabrera a la pena de ocho a\u00f1os de c\u00e1rcel, quedando en libertad hasta que el fallo quede firme.<\/p>\n\n\n\n<p>Finalmente la C\u00e1mara de Apelaciones confirm\u00f3 el fallo, pero no logran dar con el paradero de Cabrera.<\/p>\n\n\n\n<p>De acuerdo a lo que se supo en el juicio, la v\u00edctima, hoy de 18, confes\u00f3 a su madre que una noche cuando fueron a dormir al campo, junto con otros familiares, su abuelo se acost\u00f3 a su lado.<\/p>\n\n\n\n<p>Ese d\u00eda su abuela, pareja del condenado, no estaba. Y fue esa la noche en que abuso de ella.<\/p>\n\n\n\n<p>Cabrera le dijo que se deb\u00eda quedar tranquila porque sus primas tambi\u00e9n pasaron por eso.<\/p>\n\n\n\n<p>La menor qued\u00f3 en shock y desde entonces no quiso relacionarse con ning\u00fan hombre de su n\u00facleo familiar. &nbsp;En el debate &nbsp;varios familiares contaron que sufrieron un intento de abuso por el ahora condenado.<\/p>\n\n\n\n<p>Cabrera, antes de conocer el fallo, dijo al Tribunal que escuch\u00f3 &#8220;atrocidades&#8221; por parte de los testigos.<\/p>\n\n\n\n<p>Cont\u00f3 que tiene problemas mentales y que ese d\u00eda en el cual habr\u00eda abusado de su nieta fueron sus familiares a la fiesta de San Ambrosio, con intensi\u00f3n de robar sus pertenencias.Tras la deliberaci\u00f3n, luego del pedido de la defensa de Cabrera de absoluci\u00f3n, el TOP por unanimidad conden\u00f3 a la pena de ocho a\u00f1os de prisi\u00f3n como autor material del delito de abuso sexual gravemente ultrajante agravado por el v\u00ednculo.<\/p>\n","protected":false},"excerpt":{"rendered":"<p>Un hombre que en septiembre del 2022 fue condenado a ocho a\u00f1os de prisi\u00f3n por abusar sexualmente de su nieta en la localidad de San Lorenzo, es intensamente buscado por&hellip; <\/p>\n","protected":false},"author":1,"featured_media":131464,"comment_status":"closed","ping_status":"open","sticky":false,"template":"","format":"standard","meta":{"footnotes":""},"categories":[5],"tags":[],"class_list":["post-131463","post","type-post","status-publish","format-standard","has-post-thumbnail","hentry","category-crimen-y-justicia"],"_links":{"self":[{"href":"https:\/\/corrientesdetarde.com\/index.php\/wp-json\/wp\/v2\/posts\/131463","targetHints":{"allow":["GET"]}}],"collection":[{"href":"https:\/\/corrientesdetarde.com\/index.php\/wp-json\/wp\/v2\/posts"}],"about":[{"href":"https:\/\/corrientesdetarde.com\/index.php\/wp-json\/wp\/v2\/types\/post"}],"author":[{"embeddable":true,"href":"https:\/\/corrientesdetarde.com\/index.php\/wp-json\/wp\/v2\/users\/1"}],"replies":[{"embeddable":true,"href":"https:\/\/corrientesdetarde.com\/index.php\/wp-json\/wp\/v2\/comments?post=131463"}],"version-history":[{"count":1,"href":"https:\/\/corrientesdetarde.com\/index.php\/wp-json\/wp\/v2\/posts\/131463\/revisions"}],"predecessor-version":[{"id":131465,"href":"https:\/\/corrientesdetarde.com\/index.php\/wp-json\/wp\/v2\/posts\/131463\/revisions\/131465"}],"wp:featuredmedia":[{"embeddable":true,"href":"https:\/\/corrientesdetarde.com\/index.php\/wp-json\/wp\/v2\/media\/131464"}],"wp:attachment":[{"href":"https:\/\/corrientesdetarde.com\/index.php\/wp-json\/wp\/v2\/media?parent=131463"}],"wp:term":[{"taxonomy":"category","embeddable":true,"href":"https:\/\/corrientesdetarde.com\/index.php\/wp-json\/wp\/v2\/categories?post=131463"},{"taxonomy":"post_tag","embeddable":true,"href":"https:\/\/corrientesdetarde.com\/index.php\/wp-json\/wp\/v2\/tags?post=131463"}],"curies":[{"name":"wp","href":"https:\/\/api.w.org\/{rel}","templated":true}]}}