{"id":131484,"date":"2024-03-10T08:27:18","date_gmt":"2024-03-10T11:27:18","guid":{"rendered":"https:\/\/corrientesdetarde.com\/?p=131484"},"modified":"2024-03-10T08:27:22","modified_gmt":"2024-03-10T11:27:22","slug":"escaparon-al-menos-28-de-los-casi-300-escolares-secuestrados-en-nigeria","status":"publish","type":"post","link":"https:\/\/corrientesdetarde.com\/index.php\/internacionales\/escaparon-al-menos-28-de-los-casi-300-escolares-secuestrados-en-nigeria\/","title":{"rendered":"Escaparon al menos 28 de los casi 300 escolares secuestrados en Nigeria"},"content":{"rendered":"\n<p>Desesperada b\u00fasqueda de los menores de entre ocho y 15 a\u00f1os que se llevaron hombres armados en el norte del pa\u00eds.<\/p>\n\n\n\n<p><strong>Al menos 28 de los casi 300 escolares secuestrados en la ciudad de Kuriba, en el norte de&nbsp;<\/strong><br><strong>Nigeria, lograron escapar de sus captores<\/strong>, seg\u00fan indic\u00f3 el&nbsp;gobernador del estado de Kaduna.&nbsp;<\/p>\n\n\n\n<p>En tanto, el Ej\u00e9rcito de Nigeria, junto con la polic\u00eda y grupos de b\u00fasqueda locales, protagonizaban una desesperada b\u00fasqueda del resto de los ni\u00f1os secuestrados.<\/p>\n\n\n\n<p>Bandas de hombres armados que viajaban en motocicletas se llevaron el jueves a casi 300 ni\u00f1os de escuelas primarias y secundarias de entre ocho y 15 a\u00f1os, dijeron autoridades escolares y padres.<\/p>\n\n\n\n<p>Se cree que casi todas las familias de la ciudad tienen un hijo&nbsp;entre los secuestrados.<\/p>\n\n\n\n<p><strong>Un adolescente de unos 14 a\u00f1os muri\u00f3 en un hospital tras ser presuntamente baleado por los secuestradores, hombres sindicados como presuntos insurgentes islamistas. &nbsp;<\/strong><\/p>\n\n\n\n<p>Los secuestros se produjeron despu\u00e9s de que mujeres y ni\u00f1os fueran privados de su libertad en el remoto del estado de Borno el d\u00eda anterior.<\/p>\n\n\n\n<p>El gobernador del estado de Kaduna, Uba Sani, dijo a la BBC que la falta de botas sobre el terreno era la principal raz\u00f3n del aumento de los secuestros en la zona.<\/p>\n\n\n\n<p>El presidente Bola Tinubu dijo en las redes sociales que confiaba en que las v\u00edctimas ser\u00e1n rescatadas.<\/p>\n\n\n\n<p>El mandatario tuite\u00f3:<strong>&nbsp;&#8220;Nada m\u00e1s es aceptable para m\u00ed y para los familiares de estos ciudadanos secuestrados. La justicia se administrar\u00e1 de&nbsp;manera decisiva<\/strong>&#8220;.<\/p>\n\n\n\n<p>El alto representante de la Uni\u00f3n Europea (UE) para Pol\u00edtica Exterior, Josep Borrell, exigi\u00f3 este s\u00e1bado en nombre de los Veintisiete la liberaci\u00f3n inmediata de los rehenes secuestrados en Nigeria en dos asaltos perpetrados en los \u00faltimos d\u00edas, incluido el rapto de m\u00e1s de 280 estudiantes.<\/p>\n\n\n\n<p>Borrell se mostr\u00f3 &#8220;consternado&#8221; por este &#8220;secuestro masivo de cientos de escolares y de personal&#8221; en el estado de Kaduna, al norte de Nigeria, que ocurri\u00f3 pocos d\u00edas despu\u00e9s de que hubiese otro &#8220;secuestro similar de desplazados internos&#8221; en el estado de Borno, al noreste del pa\u00eds, y que acab\u00f3 con al menos 45 mujeres secuestradas por un grupo yihadista.<\/p>\n\n\n\n<p><strong>&#8220;La UE se solidariza con el Gobierno y el pueblo de Nigeria y exige la liberaci\u00f3n inmediata de los rehenes&#8221;<\/strong>, escribi\u00f3 Borrell la red social X.<\/p>\n","protected":false},"excerpt":{"rendered":"<p>Desesperada b\u00fasqueda de los menores de entre ocho y 15 a\u00f1os que se llevaron hombres armados en el norte del pa\u00eds. Al menos 28 de los casi 300 escolares secuestrados&hellip; <\/p>\n","protected":false},"author":4,"featured_media":131485,"comment_status":"closed","ping_status":"open","sticky":false,"template":"","format":"standard","meta":{"footnotes":""},"categories":[11],"tags":[],"class_list":["post-131484","post","type-post","status-publish","format-standard","has-post-thumbnail","hentry","category-internacionales"],"_links":{"self":[{"href":"https:\/\/corrientesdetarde.com\/index.php\/wp-json\/wp\/v2\/posts\/131484","targetHints":{"allow":["GET"]}}],"collection":[{"href":"https:\/\/corrientesdetarde.com\/index.php\/wp-json\/wp\/v2\/posts"}],"about":[{"href":"https:\/\/corrientesdetarde.com\/index.php\/wp-json\/wp\/v2\/types\/post"}],"author":[{"embeddable":true,"href":"https:\/\/corrientesdetarde.com\/index.php\/wp-json\/wp\/v2\/users\/4"}],"replies":[{"embeddable":true,"href":"https:\/\/corrientesdetarde.com\/index.php\/wp-json\/wp\/v2\/comments?post=131484"}],"version-history":[{"count":1,"href":"https:\/\/corrientesdetarde.com\/index.php\/wp-json\/wp\/v2\/posts\/131484\/revisions"}],"predecessor-version":[{"id":131486,"href":"https:\/\/corrientesdetarde.com\/index.php\/wp-json\/wp\/v2\/posts\/131484\/revisions\/131486"}],"wp:featuredmedia":[{"embeddable":true,"href":"https:\/\/corrientesdetarde.com\/index.php\/wp-json\/wp\/v2\/media\/131485"}],"wp:attachment":[{"href":"https:\/\/corrientesdetarde.com\/index.php\/wp-json\/wp\/v2\/media?parent=131484"}],"wp:term":[{"taxonomy":"category","embeddable":true,"href":"https:\/\/corrientesdetarde.com\/index.php\/wp-json\/wp\/v2\/categories?post=131484"},{"taxonomy":"post_tag","embeddable":true,"href":"https:\/\/corrientesdetarde.com\/index.php\/wp-json\/wp\/v2\/tags?post=131484"}],"curies":[{"name":"wp","href":"https:\/\/api.w.org\/{rel}","templated":true}]}}