{"id":131551,"date":"2024-03-10T12:05:17","date_gmt":"2024-03-10T15:05:17","guid":{"rendered":"https:\/\/corrientesdetarde.com\/?p=131551"},"modified":"2024-03-10T12:05:29","modified_gmt":"2024-03-10T15:05:29","slug":"boca-recibe-a-racing-en-un-clasico-picante","status":"publish","type":"post","link":"https:\/\/corrientesdetarde.com\/index.php\/deportes\/boca-recibe-a-racing-en-un-clasico-picante\/","title":{"rendered":"BOCA RECIBE A RACING EN UN CL\u00c1SICO PICANTE"},"content":{"rendered":"\n<p>(Corrsponsal\u00eda Buenos Aires) &#8211; El xeneize se enfrenta a la academia esta noche en la bombonera. La d\u00e9cima jornada de la Copa de la Liga Profesional continuar\u00e1 este domingo con cinco encuentros.<\/p>\n\n\n\n<p>A primera hora, desde las 17, con los partidos Godoy Cruz vs Newell&#8217;s y Hurac\u00e1n vs Argentinos. El tomba, que viene de sufrir su primera derrota en el campeonato, se enfrentar\u00e1 a una lepra que llega a Mendoza luego de retomar la senda victoriosa con el uno a cero frente de Tigre del pasado jueves. Por su parte, el globo ir\u00e1 por un nuevo triunfo en su casa ante un bicho que estar\u00e1 obligado a mejorar su producci\u00f3n como visitante para poder meterse entre los cuatro clasificados.<br>Posteriormente, desde las 19.15, ser\u00e1 el turno de Defensa y Justicia vs Uni\u00f3n y Talleres vs Atl\u00e9tico Tucum\u00e1n. El halc\u00f3n, que a\u00fan se encuentra en el debe como local en el torneo, se medir\u00e1 a un tatengue que llega a Varela en un gran momento, tras haber obtenido los tres puntos en sus tres presentaciones, ante Independiente Rivadavia y Boca como local y Sarmiento en Jun\u00edn. En lo que respecta al duelo entre la T y el decano, el conjunto dirigido por Ribonetto buscar\u00e1 hacer pesar su local\u00eda ante un conjunto tucumano que llega al Kempes en un mal momento futbol\u00edstico (a\u00fan no conoce la victoria en lo que va del a\u00f1o) y un clima institucional complicado.<br>La jornada futbolera se cerrar\u00e1 desde las 21.30 con el cl\u00e1sico entre Boca y Racing en el Alberto J. Armando. Tras lo que fue derrota ante Uni\u00f3n el pasado mi\u00e9rcoles, el equipo de Diego Mart\u00ednez ir\u00e1 por un nuevo triunfo en su cancha ante una academia que no pudo triunfar en sus \u00faltimos dos partidos ante Platense y Sarmiento.<\/p>\n","protected":false},"excerpt":{"rendered":"<p>(Corrsponsal\u00eda Buenos Aires) &#8211; El xeneize se enfrenta a la academia esta noche en la bombonera. La d\u00e9cima jornada de la Copa de la Liga Profesional continuar\u00e1 este domingo con&hellip; <\/p>\n","protected":false},"author":11,"featured_media":17273,"comment_status":"closed","ping_status":"open","sticky":false,"template":"","format":"standard","meta":{"footnotes":""},"categories":[4],"tags":[119,102],"class_list":["post-131551","post","type-post","status-publish","format-standard","has-post-thumbnail","hentry","category-deportes","tag-boca","tag-racing"],"_links":{"self":[{"href":"https:\/\/corrientesdetarde.com\/index.php\/wp-json\/wp\/v2\/posts\/131551","targetHints":{"allow":["GET"]}}],"collection":[{"href":"https:\/\/corrientesdetarde.com\/index.php\/wp-json\/wp\/v2\/posts"}],"about":[{"href":"https:\/\/corrientesdetarde.com\/index.php\/wp-json\/wp\/v2\/types\/post"}],"author":[{"embeddable":true,"href":"https:\/\/corrientesdetarde.com\/index.php\/wp-json\/wp\/v2\/users\/11"}],"replies":[{"embeddable":true,"href":"https:\/\/corrientesdetarde.com\/index.php\/wp-json\/wp\/v2\/comments?post=131551"}],"version-history":[{"count":2,"href":"https:\/\/corrientesdetarde.com\/index.php\/wp-json\/wp\/v2\/posts\/131551\/revisions"}],"predecessor-version":[{"id":131553,"href":"https:\/\/corrientesdetarde.com\/index.php\/wp-json\/wp\/v2\/posts\/131551\/revisions\/131553"}],"wp:featuredmedia":[{"embeddable":true,"href":"https:\/\/corrientesdetarde.com\/index.php\/wp-json\/wp\/v2\/media\/17273"}],"wp:attachment":[{"href":"https:\/\/corrientesdetarde.com\/index.php\/wp-json\/wp\/v2\/media?parent=131551"}],"wp:term":[{"taxonomy":"category","embeddable":true,"href":"https:\/\/corrientesdetarde.com\/index.php\/wp-json\/wp\/v2\/categories?post=131551"},{"taxonomy":"post_tag","embeddable":true,"href":"https:\/\/corrientesdetarde.com\/index.php\/wp-json\/wp\/v2\/tags?post=131551"}],"curies":[{"name":"wp","href":"https:\/\/api.w.org\/{rel}","templated":true}]}}