{"id":131560,"date":"2024-03-10T13:25:32","date_gmt":"2024-03-10T16:25:32","guid":{"rendered":"https:\/\/corrientesdetarde.com\/?p=131560"},"modified":"2024-03-10T13:25:44","modified_gmt":"2024-03-10T16:25:44","slug":"el-encargado-con-guillermo-francella-gratis-por-tv-abierta-cuando-empieza","status":"publish","type":"post","link":"https:\/\/corrientesdetarde.com\/index.php\/espectaculos\/el-encargado-con-guillermo-francella-gratis-por-tv-abierta-cuando-empieza\/","title":{"rendered":"El Encargado con Guillermo Francella gratis por TV abierta: cu\u00e1ndo empieza"},"content":{"rendered":"\n<p>La tan esperada temporada completa de &#8220;El Encargado&#8221; llega a la pantalla de Eltrece con Guillermo Francella en el papel principal de Eliseo, acompa\u00f1ado por un elenco estelar que incluye a Gabriel Goity, Dar\u00edo Barassi, Moro Anghileri y muchos m\u00e1s. Prep\u00e1rate para sumergirte en esta intrigante comedia dram\u00e1tica que promete mantener a los espectadores entretenidos cada domingo por la noche.<\/p>\n\n\n\n<p>La tan\u00a0<strong>esperada temporada completa de &#8220;El Encargado&#8221;<\/strong>\u00a0llega a la pantalla de Eltrece con su estreno programado para el domingo 10 de marzo a las 22:00 horas, ofreciendo a los espectadores una dosis semanal de entretenimiento asegurado.<\/p>\n\n\n\n<p>Protagonizada por el reconocido actor&nbsp;<strong>Guillermo Francella<\/strong>, esta exitosa comedia dram\u00e1tica promete mantener a la audiencia enganchada con cada episodio.<\/p>\n\n\n\n<p>En<strong>\u00a0&#8220;El Encargado&#8221;, Francella interpreta a Eliseo,\u00a0<\/strong>el encargado de un edificio que, tras bambalinas, ejerce su poder de vigilancia e intromisi\u00f3n de manera insospechada. Con un reparto de lujo que incluye a\u00a0<strong>Gabriel &#8220;El Puma&#8221; Goity<\/strong>,\u00a0<strong>Dar\u00edo Barassi<\/strong>,\u00a0<strong>Mirta Busnelli<\/strong>\u00a0y\u00a0<strong>Mart\u00edn Seefeld<\/strong>, entre otros, la serie ofrece una visi\u00f3n intrigante y c\u00f3mica de la vida en comunidad.<\/p>\n\n\n\n<p>Con direcci\u00f3n a cargo de Mariano Cohn, Gast\u00f3n Duprat, Jer\u00f3nimo Carranza y Diego Bliffeld, &#8220;El Encargado&#8221; promete ser un \u00e9xito asegurado que no te puedes perder.<\/p>\n\n\n\n<h3 class=\"wp-block-heading\">Qui\u00e9n es qui\u00e9n en El encargado<\/h3>\n\n\n\n<ul class=\"wp-block-list\">\n<li>Guillermo Francella (Eliseo)<\/li>\n\n\n\n<li>Gabriel Goity (Mat\u00edas Zambrano)<\/li>\n\n\n\n<li>Dar\u00edo Barassi (Gabriel)<\/li>\n\n\n\n<li>Moro Anghileri (Paola)<\/li>\n\n\n\n<li>Gast\u00f3n Cocchiarale (Miguel)<\/li>\n\n\n\n<li>Pochi Ducasse (Do\u00f1a Beba)<\/li>\n\n\n\n<li>Manuel Vicente (G\u00f3mez)<\/li>\n\n\n\n<li>Jorge D\u2019El\u00eda (Enrique Salustri)<\/li>\n\n\n\n<li>Adriana Aizemberg (Consuelo Salustri)<\/li>\n\n\n\n<li>Mirta Busnelli (Tatiana Yrigoyen)<\/li>\n\n\n\n<li>Mart\u00edn Seefeld (Jordi)<\/li>\n<\/ul>\n","protected":false},"excerpt":{"rendered":"<p>La tan esperada temporada completa de &#8220;El Encargado&#8221; llega a la pantalla de Eltrece con Guillermo Francella en el papel principal de Eliseo, acompa\u00f1ado por un elenco estelar que incluye&hellip; <\/p>\n","protected":false},"author":4,"featured_media":131561,"comment_status":"closed","ping_status":"open","sticky":false,"template":"","format":"standard","meta":{"footnotes":""},"categories":[19],"tags":[],"class_list":["post-131560","post","type-post","status-publish","format-standard","has-post-thumbnail","hentry","category-espectaculos"],"_links":{"self":[{"href":"https:\/\/corrientesdetarde.com\/index.php\/wp-json\/wp\/v2\/posts\/131560","targetHints":{"allow":["GET"]}}],"collection":[{"href":"https:\/\/corrientesdetarde.com\/index.php\/wp-json\/wp\/v2\/posts"}],"about":[{"href":"https:\/\/corrientesdetarde.com\/index.php\/wp-json\/wp\/v2\/types\/post"}],"author":[{"embeddable":true,"href":"https:\/\/corrientesdetarde.com\/index.php\/wp-json\/wp\/v2\/users\/4"}],"replies":[{"embeddable":true,"href":"https:\/\/corrientesdetarde.com\/index.php\/wp-json\/wp\/v2\/comments?post=131560"}],"version-history":[{"count":1,"href":"https:\/\/corrientesdetarde.com\/index.php\/wp-json\/wp\/v2\/posts\/131560\/revisions"}],"predecessor-version":[{"id":131562,"href":"https:\/\/corrientesdetarde.com\/index.php\/wp-json\/wp\/v2\/posts\/131560\/revisions\/131562"}],"wp:featuredmedia":[{"embeddable":true,"href":"https:\/\/corrientesdetarde.com\/index.php\/wp-json\/wp\/v2\/media\/131561"}],"wp:attachment":[{"href":"https:\/\/corrientesdetarde.com\/index.php\/wp-json\/wp\/v2\/media?parent=131560"}],"wp:term":[{"taxonomy":"category","embeddable":true,"href":"https:\/\/corrientesdetarde.com\/index.php\/wp-json\/wp\/v2\/categories?post=131560"},{"taxonomy":"post_tag","embeddable":true,"href":"https:\/\/corrientesdetarde.com\/index.php\/wp-json\/wp\/v2\/tags?post=131560"}],"curies":[{"name":"wp","href":"https:\/\/api.w.org\/{rel}","templated":true}]}}