{"id":131576,"date":"2024-03-10T18:59:17","date_gmt":"2024-03-10T21:59:17","guid":{"rendered":"https:\/\/corrientesdetarde.com\/?p=131576"},"modified":"2024-03-10T18:59:30","modified_gmt":"2024-03-10T21:59:30","slug":"cayo-una-banda-delictiva-en-paso-de-la-patria","status":"publish","type":"post","link":"https:\/\/corrientesdetarde.com\/index.php\/policiales\/cayo-una-banda-delictiva-en-paso-de-la-patria\/","title":{"rendered":"Cay\u00f3 una banda delictiva en Paso de la Patria."},"content":{"rendered":"\n<h2 class=\"wp-block-heading\">La Polic\u00eda desbarat\u00f3 una banda delictiva y adem\u00e1s hall\u00f3 y secuestr\u00f3 elementos que podr\u00edan ser producto de distintos hechos delictivos. Seis personas fueron detenidas y se encuentran sindicadas como presuntos autores y otros seis fueron demorados, por tener vinculaci\u00f3n con los il\u00edcitos.<\/h2>\n\n\n\n<p>Tras un trabajo realizado en forma conjunta y coordinada por Personal Policial en Paso de la Patria desbarat\u00f3 una banda delictiva que operaba en la localidad. Secuestraron diferentes elementos que ser\u00edan producto de hechos delictivos.<\/p>\n\n\n\n<p>Del mismo modo, procedieron a la detenci\u00f3n de seis personas, en tanto, otras seis fueron demorados a fin de determinar si tendr\u00edan vinculaci\u00f3n o no con los hechos. Se trata de un aire acondicionado, un termotanque de 60 litros, un tubo de gas de 10 kg, una hidrolavadora, un horno el\u00e9ctrico, tres televisores de 32 pulgadas, dos televisores de 50 pulgadas, un televisor de 43 pulgadas, una motoguada\u00f1a, cinco reeles y una caja de pesca, entre otras cosas.<\/p>\n\n\n\n<figure class=\"wp-block-image\"><a href=\"https:\/\/www.radiosudamericana.com\/notix\/multimedia\/imagenes\/fotos\/2024-03-10\/598840.jpeg\"><img decoding=\"async\" src=\"https:\/\/www.radiosudamericana.com\/notix\/multimedia\/imagenes\/fotos\/2024-03-10\/598840.jpeg_nota.jpeg\" alt=\"\"\/><\/a><\/figure>\n\n\n\n<p>Las doce personas junto a lo secuestrado, fueron puestos a disposici\u00f3n de la autoridad fiscal interviniente, siendo trasladados a la citada dependencia policial, donde se prosigue con los tr\u00e1mites del caso.<\/p>\n","protected":false},"excerpt":{"rendered":"<p>La Polic\u00eda desbarat\u00f3 una banda delictiva y adem\u00e1s hall\u00f3 y secuestr\u00f3 elementos que podr\u00edan ser producto de distintos hechos delictivos. Seis personas fueron detenidas y se encuentran sindicadas como presuntos&hellip; <\/p>\n","protected":false},"author":6,"featured_media":131577,"comment_status":"closed","ping_status":"open","sticky":false,"template":"","format":"standard","meta":{"footnotes":""},"categories":[33],"tags":[],"class_list":["post-131576","post","type-post","status-publish","format-standard","has-post-thumbnail","hentry","category-policiales"],"_links":{"self":[{"href":"https:\/\/corrientesdetarde.com\/index.php\/wp-json\/wp\/v2\/posts\/131576","targetHints":{"allow":["GET"]}}],"collection":[{"href":"https:\/\/corrientesdetarde.com\/index.php\/wp-json\/wp\/v2\/posts"}],"about":[{"href":"https:\/\/corrientesdetarde.com\/index.php\/wp-json\/wp\/v2\/types\/post"}],"author":[{"embeddable":true,"href":"https:\/\/corrientesdetarde.com\/index.php\/wp-json\/wp\/v2\/users\/6"}],"replies":[{"embeddable":true,"href":"https:\/\/corrientesdetarde.com\/index.php\/wp-json\/wp\/v2\/comments?post=131576"}],"version-history":[{"count":1,"href":"https:\/\/corrientesdetarde.com\/index.php\/wp-json\/wp\/v2\/posts\/131576\/revisions"}],"predecessor-version":[{"id":131579,"href":"https:\/\/corrientesdetarde.com\/index.php\/wp-json\/wp\/v2\/posts\/131576\/revisions\/131579"}],"wp:featuredmedia":[{"embeddable":true,"href":"https:\/\/corrientesdetarde.com\/index.php\/wp-json\/wp\/v2\/media\/131577"}],"wp:attachment":[{"href":"https:\/\/corrientesdetarde.com\/index.php\/wp-json\/wp\/v2\/media?parent=131576"}],"wp:term":[{"taxonomy":"category","embeddable":true,"href":"https:\/\/corrientesdetarde.com\/index.php\/wp-json\/wp\/v2\/categories?post=131576"},{"taxonomy":"post_tag","embeddable":true,"href":"https:\/\/corrientesdetarde.com\/index.php\/wp-json\/wp\/v2\/tags?post=131576"}],"curies":[{"name":"wp","href":"https:\/\/api.w.org\/{rel}","templated":true}]}}