{"id":131578,"date":"2024-03-10T19:04:33","date_gmt":"2024-03-10T22:04:33","guid":{"rendered":"https:\/\/corrientesdetarde.com\/?p=131578"},"modified":"2024-03-10T19:04:45","modified_gmt":"2024-03-10T22:04:45","slug":"romina-uhrig-se-defendio-tras-ser-imputada-por-la-justicia-lo-unico-que-lave-en-mi-vida-fue-ropa","status":"publish","type":"post","link":"https:\/\/corrientesdetarde.com\/index.php\/espectaculos\/romina-uhrig-se-defendio-tras-ser-imputada-por-la-justicia-lo-unico-que-lave-en-mi-vida-fue-ropa\/","title":{"rendered":"Romina Uhrig se defendi\u00f3 tras ser imputada por la Justicia: \u201cLo \u00fanico que lav\u00e9 en mi vida fue ropa\u201d."},"content":{"rendered":"\n<h2 class=\"wp-block-heading\">La exparticipante de \u201cGran Hermano\u201d y su exmarido, Walter Festa, son investigados por la Justicia.<\/h2>\n\n\n\n<p><strong>Romina Uhrig\u00a0rompi\u00f3 el silencio tras haber sido imputada, junto a su exmarido,\u00a0Walter Festa, por\u00a0lavado de dinero<\/strong>.<strong>\u00a0\u201cLo \u00fanico que lav\u00e9 en mi vida fue ropa\u201d<\/strong>, asegur\u00f3 la exparticipante de\u00a0<em>Gran Hermano<\/em>(<em>Telefe<\/em>).<\/p>\n\n\n\n<p>En di\u00e1logo con<em>\u00a0El run run del espect\u00e1culo<\/em>\u00a0(<em>Cr\u00f3nica<\/em>), la exdiputada asegur\u00f3 que es inocente. \u201cMe enter\u00e9 ayer. Por mi parte, est\u00e1\u00a0<strong>mi abogado encarg\u00e1ndose<\/strong>. Yo estoy tranquila porque<strong>\u00a0lo \u00fanico que lav\u00e9 en mi vida fue ropa, as\u00ed que estoy supertranqui<\/strong>\u201d, sostuvo.<\/p>\n\n\n\n<p>Tras asegurar que esta situaci\u00f3n la afecta en el plano laboral, expres\u00f3 sus deseos de la que todo se aclare lo m\u00e1s pronto posible. \u201cYo trabajo mucho con mis redes y el tema es que, quieras o no, esto te caga&#8230; Es lo \u00fanico que me pone muy mal porque yo&nbsp;<strong>estoy separada, sola con mis nenas y necesito laburar y esto a m\u00ed me caga<\/strong>\u201d, admiti\u00f3.<\/p>\n\n\n\n<p>A modo de cierre, concluy\u00f3: \u201cOjal\u00e1 que termine pronto. Porque si vos dec\u00eds sacan cosas a la luz que son verdad, bueno, listo, uno se la aguanta, pero cuando\u00a0<strong>sacan mentiras y te quieren ensuciar<\/strong>\u00a0es otra cosa\u201d.<\/p>\n\n\n\n<figure class=\"wp-block-image\"><img decoding=\"async\" src=\"https:\/\/tn.com.ar\/resizer\/rtU8w6rfqzhKTXvpzn1UwzZ-rho=\/767x0\/smart\/filters:format(webp)\/cloudfront-us-east-1.images.arcpublishing.com\/artear\/I6B37MPQRREUZEBKOJNX2RCMCM.jpg\" alt=\"Romina Uhrig se quebr\u00f3 al confirmar que se separ\u00f3 otra vez de Walter Festa: &quot;Busco un lugar para alquilar&quot;\"\/><figcaption class=\"wp-element-caption\">Romina Uhrig se quebr\u00f3 al confirmar que se separ\u00f3 otra vez de Walter Festa: &#8220;Busco un lugar para alquilar&#8221;<\/figcaption><\/figure>\n\n\n\n<h2 class=\"wp-block-heading\">Romina Uhrig y su exmarido, Walter Festa, fueron imputados por lavado de dinero: los detalles de la causa<\/h2>\n\n\n\n<p><strong>Romina Uhrig\u00a0y su exmarido, Walter Festa, fueron imputados por lavado de dinero<\/strong>. La causa est\u00e1 radicada en la Justicia Federal de Mor\u00f3n.<\/p>\n\n\n\n<p>\u201cLa fiscal\u00eda est\u00e1 pidiendo una serie de medidas. Hay una causa que se estaba tramitando en la Justicia provincial, donde\u00a0<strong>se investigaba a Festa por enriquecimiento il\u00edcito como funcionario p\u00fablico<\/strong>. De esa causa se desprende ahora esto: la imputaci\u00f3n contra Romina Uhrig, finalista de\u00a0<em>Gran Hermano<\/em>, y contra el exintendente de Moreno\u201d, detall\u00f3 Alegre.<\/p>\n\n\n\n<p>En esa l\u00ednea, el periodista continu\u00f3 explicando: \u201c<strong>Hay una serie de propiedades en la costa, en un country que se llama Villa Robles, que est\u00e1 siendo investigado<\/strong>; una casa en un barrio privado en la zona de Gral. Rodr\u00edguez; un predio comprado en la provincia de Salta en la localidad de Cafayate\u201d.<\/p>\n\n\n\n<p>\u201cLa Justicia est\u00e1 pidiendo informaci\u00f3n a la AFIP y al mismo tiempo est\u00e1 pidiendo informaci\u00f3n al Registro de la Propiedad del inmueble, y al mismo tiempo, informaci\u00f3n a los registros de buques y yates.&nbsp;<strong>Hay una cuesti\u00f3n patrimonial de fondos que la Justicia entiende que hay indicios necesarios para iniciar una investigaci\u00f3n por lavado de dinero<\/strong>. Se habla del pago de una casa en 100 mil d\u00f3lares en efectivo\u201d, cerr\u00f3.<\/p>\n\n\n\n<p><em>Fuente: Todo Noticias.<\/em><\/p>\n","protected":false},"excerpt":{"rendered":"<p>La exparticipante de \u201cGran Hermano\u201d y su exmarido, Walter Festa, son investigados por la Justicia. Romina Uhrig\u00a0rompi\u00f3 el silencio tras haber sido imputada, junto a su exmarido,\u00a0Walter Festa, por\u00a0lavado de&hellip; <\/p>\n","protected":false},"author":6,"featured_media":131580,"comment_status":"closed","ping_status":"open","sticky":false,"template":"","format":"standard","meta":{"footnotes":""},"categories":[19],"tags":[],"class_list":["post-131578","post","type-post","status-publish","format-standard","has-post-thumbnail","hentry","category-espectaculos"],"_links":{"self":[{"href":"https:\/\/corrientesdetarde.com\/index.php\/wp-json\/wp\/v2\/posts\/131578","targetHints":{"allow":["GET"]}}],"collection":[{"href":"https:\/\/corrientesdetarde.com\/index.php\/wp-json\/wp\/v2\/posts"}],"about":[{"href":"https:\/\/corrientesdetarde.com\/index.php\/wp-json\/wp\/v2\/types\/post"}],"author":[{"embeddable":true,"href":"https:\/\/corrientesdetarde.com\/index.php\/wp-json\/wp\/v2\/users\/6"}],"replies":[{"embeddable":true,"href":"https:\/\/corrientesdetarde.com\/index.php\/wp-json\/wp\/v2\/comments?post=131578"}],"version-history":[{"count":1,"href":"https:\/\/corrientesdetarde.com\/index.php\/wp-json\/wp\/v2\/posts\/131578\/revisions"}],"predecessor-version":[{"id":131582,"href":"https:\/\/corrientesdetarde.com\/index.php\/wp-json\/wp\/v2\/posts\/131578\/revisions\/131582"}],"wp:featuredmedia":[{"embeddable":true,"href":"https:\/\/corrientesdetarde.com\/index.php\/wp-json\/wp\/v2\/media\/131580"}],"wp:attachment":[{"href":"https:\/\/corrientesdetarde.com\/index.php\/wp-json\/wp\/v2\/media?parent=131578"}],"wp:term":[{"taxonomy":"category","embeddable":true,"href":"https:\/\/corrientesdetarde.com\/index.php\/wp-json\/wp\/v2\/categories?post=131578"},{"taxonomy":"post_tag","embeddable":true,"href":"https:\/\/corrientesdetarde.com\/index.php\/wp-json\/wp\/v2\/tags?post=131578"}],"curies":[{"name":"wp","href":"https:\/\/api.w.org\/{rel}","templated":true}]}}