{"id":131581,"date":"2024-03-10T19:10:37","date_gmt":"2024-03-10T22:10:37","guid":{"rendered":"https:\/\/corrientesdetarde.com\/?p=131581"},"modified":"2024-03-10T19:10:42","modified_gmt":"2024-03-10T22:10:42","slug":"miles-de-fans-de-dragon-ball-se-reunieron-en-el-obelisco-para-homenajear-al-creador-de-la-serie","status":"publish","type":"post","link":"https:\/\/corrientesdetarde.com\/index.php\/informacion-general\/miles-de-fans-de-dragon-ball-se-reunieron-en-el-obelisco-para-homenajear-al-creador-de-la-serie\/","title":{"rendered":"Miles de fans de \u201cDragon Ball\u201d se reunieron en el Obelisco para homenajear al creador de la serie."},"content":{"rendered":"\n<h2 class=\"wp-block-heading\">A d\u00edas de la muerte del dibujante y guionista Akira Toriyama, una multitud se junt\u00f3 en el centro porte\u00f1o para despedir al artista.<\/h2>\n\n\n\n<p>La noticia de la muerte del guionista y dibujante\u00a0<strong>Akira Toriyama<\/strong>\u00a0golpe\u00f3 a los fan\u00e1ticos argentinos de\u00a0<em><strong>Dragon Ball<\/strong><\/em>, la ic\u00f3nica creaci\u00f3n del artista japon\u00e9s. Para rendirle tributo al artista,\u00a0<strong>miles de personas se reunieron este domingo en el Obelisco para hacer algo muy especial: una \u201cgenkidama masiva\u201d, el poder con el que Goku logr\u00f3 derrotar a varios de sus enemigos.<\/strong><\/p>\n\n\n\n<p>Todos los presentes levantaron sus brazos, emulando la t\u00e9cnica de combate que requiere la energ\u00eda de todas las criatura vivientes del planeta o un sistema solar. Sin dudas,<strong>&nbsp;un fen\u00f3meno \u00fanico que vuelve a colocar a la Argentina como el pa\u00eds con m\u00e1s devoci\u00f3n por una serie de animaci\u00f3n que trascendi\u00f3 a varias generaciones<\/strong>.<\/p>\n\n\n\n<p><strong>\u201c\u2018Dragon Ball\u2019 es muchas cosas para m\u00ed, me dej\u00f3 un mont\u00f3n de buenas en ense\u00f1anzas\u201d<\/strong>, dijo un fan desde el Obelisco. Luego, otro, caracterizado como uno de los personajes de la serie, sum\u00f3: \u201cPara m\u00ed y muchas personas es nuestra infancia, representa nuestra ni\u00f1ez. Lo sentimos como si fuera un familiar nuestro, me hizo pasar buenos momentos en mis malos momentos. Es un alivio que exista semejante obra en este mundo.\u201d.<\/p>\n\n\n\n<p>Adem\u00e1s, aclararon que<strong>&nbsp;esta tarde levantaron sus brazos para enviarle poder al \u201cDios Toriyama\u201d<\/strong>. \u201c\u00a1Todas la manos para arriba!\u201d, grit\u00f3 uno de los autoconvocados y no tardaron en sumarse decenas de otros para compartir sus energ\u00edas.<\/p>\n\n\n\n<figure class=\"wp-block-image\"><img decoding=\"async\" src=\"https:\/\/tn.com.ar\/resizer\/70ssobPT3auhX8myh7yFvpKun0s=\/767x0\/smart\/filters:format(webp)\/cloudfront-us-east-1.images.arcpublishing.com\/artear\/BCLYMRTUGBFSFAXWAVQ6CIWBEY.JPG\" alt=\"Miles de fans de Dragon Ball se reunieron en el Obelisco para homenajear a Akira Toriyama, creador de la serie. (Foto:  Agustina Rib\u00f3 \/ TN)\"\/><figcaption class=\"wp-element-caption\">Miles de fans de Dragon Ball se reunieron en el Obelisco para homenajear a Akira Toriyama, creador de la serie. (Foto: Agustina Rib\u00f3 \/ TN)<\/figcaption><\/figure>\n\n\n\n<figure class=\"wp-block-image\"><img decoding=\"async\" src=\"https:\/\/tn.com.ar\/resizer\/T330ZF_5HWic_VW8TMWyzOJdbIY=\/767x0\/smart\/filters:format(webp)\/cloudfront-us-east-1.images.arcpublishing.com\/artear\/GLD3O7AOUNBMHMYILWGIE4FHC4.JPG\" alt=\"Miles de fans de Dragon Ball se reunieron en el Obelisco para homenajear a Akira Toriyama, creador de la serie. (Foto:  Agustina Rib\u00f3 \/ TN)\"\/><figcaption class=\"wp-element-caption\">Miles de fans de Dragon Ball se reunieron en el Obelisco para homenajear a Akira Toriyama, creador de la serie. (Foto: Agustina Rib\u00f3 \/ TN)<\/figcaption><\/figure>\n\n\n\n<figure class=\"wp-block-image\"><img decoding=\"async\" src=\"https:\/\/tn.com.ar\/resizer\/GKFUC_eHGr9NUX4QzFCK1K32QuU=\/767x0\/smart\/filters:format(webp)\/cloudfront-us-east-1.images.arcpublishing.com\/artear\/YELDQ65H5ZAG5C6HYV3JT57TKU.JPG\" alt=\"Miles de fans de Dragon Ball se reunieron en el Obelisco para homenajear a Akira Toriyama, creador de la serie. (Foto:  Agustina Rib\u00f3 \/ TN)\"\/><figcaption class=\"wp-element-caption\">Miles de fans de Dragon Ball se reunieron en el Obelisco para homenajear a Akira Toriyama, creador de la serie. (Foto: Agustina Rib\u00f3 \/ TN)<\/figcaption><\/figure>\n\n\n\n<figure class=\"wp-block-image\"><img decoding=\"async\" src=\"https:\/\/tn.com.ar\/resizer\/m9mCIYWMve-6EanMKdMEbHCt-Cg=\/767x0\/smart\/filters:format(webp)\/cloudfront-us-east-1.images.arcpublishing.com\/artear\/7NBGUHX7AFFTXC2AORMUSUTUSI.JPG\" alt=\"Miles de fans de Dragon Ball se reunieron en el Obelisco para homenajear a Akira Toriyama, creador de la serie. (Foto:  Agustina Rib\u00f3 \/ TN)\"\/><figcaption class=\"wp-element-caption\">Miles de fans de Dragon Ball se reunieron en el Obelisco para homenajear a Akira Toriyama, creador de la serie. (Foto: Agustina Rib\u00f3 \/ TN)<\/figcaption><\/figure>\n\n\n\n<figure class=\"wp-block-image\"><img decoding=\"async\" src=\"https:\/\/tn.com.ar\/resizer\/kOj3FyZTN8ztWNcaQ-UZT9Yp-Xs=\/767x0\/smart\/filters:format(webp)\/cloudfront-us-east-1.images.arcpublishing.com\/artear\/BM3XLEXKKVGPJDFFMRDCBZZFPY.JPG\" alt=\"Miles de fans de Dragon Ball se reunieron en el Obelisco para homenajear a Akira Toriyama, creador de la serie. (Foto:  Agustina Rib\u00f3 \/ TN)\"\/><figcaption class=\"wp-element-caption\">Miles de fans de Dragon Ball se reunieron en el Obelisco para homenajear a Akira Toriyama, creador de la serie. (Foto: Agustina Rib\u00f3 \/ TN)<\/figcaption><\/figure>\n\n\n\n<h2 class=\"wp-block-heading\">C\u00f3mo muri\u00f3 Akira Toriyama, el creador de Dragon Ball Z<\/h2>\n\n\n\n<p><strong>Akira Toriyama<\/strong>, el renombrado mangaka y cerebro detr\u00e1s de la ic\u00f3nica serie\u00a0<strong>Dragon Ball Z<\/strong>, muri\u00f3 el 1 de marzo a la edad de 68 a\u00f1os, seg\u00fan inform\u00f3 su estudio de animaci\u00f3n. Su muerte, que ocurri\u00f3 debido a un<strong>\u00a0derrame cerebral agudo<\/strong>, fue anunciada p\u00fablicamente en la madrugada del viernes, aunque el suceso tuvo lugar d\u00edas antes.<\/p>\n\n\n\n<p>Toriyama, nacido el 5 de abril de 1955 en Nagoya, Jap\u00f3n, se convirti\u00f3 en una figura legendario en el mundo del manga y el anime. Su obra m\u00e1s famosa, \u201cDragon Ball\u201d, que comenz\u00f3 como un manga en 1984, evolucion\u00f3 r\u00e1pidamente para convertirse en una serie de televisi\u00f3n aclamada mundialmente. Esta franquicia se expandi\u00f3 con numerosas secuelas, incluyendo \u201cDragon Ball Z\u201d, pel\u00edculas, videojuegos y una vasta gama de productos.<\/p>\n\n\n\n<figure class=\"wp-block-image\"><img decoding=\"async\" src=\"https:\/\/tn.com.ar\/resizer\/gAi_imhIye-eK7oO4-uqW0i8MbA=\/767x0\/smart\/filters:format(webp)\/cloudfront-us-east-1.images.arcpublishing.com\/artear\/KOE3WQQESZARRCLTIYRAKPPUJI.jpg\" alt=\"El dibujante sufri\u00f3 un derrame cerebral agudo. (Foto: X\/@DBPerfectShots)\"\/><figcaption class=\"wp-element-caption\">El dibujante sufri\u00f3 un derrame cerebral agudo. (Foto: X\/@DBPerfectShots)<\/figcaption><\/figure>\n\n\n\n<p>El estudio revel\u00f3 que Toriyama muri\u00f3 a causa de un&nbsp;<strong>hematoma subdural agudo, una condici\u00f3n grave que implica la acumulaci\u00f3n de sangre entre el cerebro y su revestimiento externo<\/strong>. A pesar de su estado de salud, se inform\u00f3 que Toriyama estaba activamente involucrado en varios proyectos y ten\u00eda muchas obras en proceso, demostrando su incansable dedicaci\u00f3n al arte hasta sus \u00faltimos d\u00edas.<\/p>\n\n\n\n<p>La noticia de su fallecimiento conmovi\u00f3 a fans alrededor del mundo, muchos de los cuales crecieron siguiendo las aventuras de Goku y sus amigos. El estudio, Bird Studio, junto con Capsule Corporation Tokyo, expresaron en un comunicado su profundo pesar por la p\u00e9rdida de Toriyama. Reconocieron su inmenso legado en el mundo del entretenimiento y agradecieron a los fans por su constante apoyo durante m\u00e1s de cuatro d\u00e9cadas de carrera.<\/p>\n\n\n\n<p><em>Fuente: Todo Noticias.<\/em><\/p>\n","protected":false},"excerpt":{"rendered":"<p>A d\u00edas de la muerte del dibujante y guionista Akira Toriyama, una multitud se junt\u00f3 en el centro porte\u00f1o para despedir al artista. La noticia de la muerte del guionista&hellip; <\/p>\n","protected":false},"author":6,"featured_media":131583,"comment_status":"closed","ping_status":"open","sticky":false,"template":"","format":"standard","meta":{"footnotes":""},"categories":[1],"tags":[],"class_list":["post-131581","post","type-post","status-publish","format-standard","has-post-thumbnail","hentry","category-informacion-general"],"_links":{"self":[{"href":"https:\/\/corrientesdetarde.com\/index.php\/wp-json\/wp\/v2\/posts\/131581","targetHints":{"allow":["GET"]}}],"collection":[{"href":"https:\/\/corrientesdetarde.com\/index.php\/wp-json\/wp\/v2\/posts"}],"about":[{"href":"https:\/\/corrientesdetarde.com\/index.php\/wp-json\/wp\/v2\/types\/post"}],"author":[{"embeddable":true,"href":"https:\/\/corrientesdetarde.com\/index.php\/wp-json\/wp\/v2\/users\/6"}],"replies":[{"embeddable":true,"href":"https:\/\/corrientesdetarde.com\/index.php\/wp-json\/wp\/v2\/comments?post=131581"}],"version-history":[{"count":1,"href":"https:\/\/corrientesdetarde.com\/index.php\/wp-json\/wp\/v2\/posts\/131581\/revisions"}],"predecessor-version":[{"id":131584,"href":"https:\/\/corrientesdetarde.com\/index.php\/wp-json\/wp\/v2\/posts\/131581\/revisions\/131584"}],"wp:featuredmedia":[{"embeddable":true,"href":"https:\/\/corrientesdetarde.com\/index.php\/wp-json\/wp\/v2\/media\/131583"}],"wp:attachment":[{"href":"https:\/\/corrientesdetarde.com\/index.php\/wp-json\/wp\/v2\/media?parent=131581"}],"wp:term":[{"taxonomy":"category","embeddable":true,"href":"https:\/\/corrientesdetarde.com\/index.php\/wp-json\/wp\/v2\/categories?post=131581"},{"taxonomy":"post_tag","embeddable":true,"href":"https:\/\/corrientesdetarde.com\/index.php\/wp-json\/wp\/v2\/tags?post=131581"}],"curies":[{"name":"wp","href":"https:\/\/api.w.org\/{rel}","templated":true}]}}