{"id":131597,"date":"2024-03-10T20:18:33","date_gmt":"2024-03-10T23:18:33","guid":{"rendered":"https:\/\/corrientesdetarde.com\/?p=131597"},"modified":"2024-03-10T20:18:45","modified_gmt":"2024-03-10T23:18:45","slug":"javier-milei-condeno-el-crimen-del-playero-en-rosario-y-ratifico-la-lucha-contra-el-narcotrafico","status":"publish","type":"post","link":"https:\/\/corrientesdetarde.com\/index.php\/politica\/javier-milei-condeno-el-crimen-del-playero-en-rosario-y-ratifico-la-lucha-contra-el-narcotrafico\/","title":{"rendered":"Javier Milei conden\u00f3 el crimen del playero en Rosario y ratific\u00f3 la lucha contra el narcotr\u00e1fico."},"content":{"rendered":"\n<h2 class=\"wp-block-heading\">El Presidente les envi\u00f3 sus condolencias a los familiares del joven asesinado y asegur\u00f3 que su gobierno va a \u201credoblar esfuerzos\u201d contra los sicarios, para \u201cencerrarlos, aislarlos, recuperar las calles y la libertad de los rosarinos\u201d.<\/h2>\n\n\n\n<p>A trav\u00e9s de un mensaje que public\u00f3 en las redes sociales, el presidente Javier Milei lament\u00f3 este domingo la muerte de\u00a0<em><strong>Bruno Nicol\u00e1s Bussanich<\/strong><\/em>, el playero que fue asesinado a sangre fr\u00eda en una estaci\u00f3n de servicio de\u00a0<strong>Rosario<\/strong>, y asegur\u00f3 que su gobierno va a \u201credoblar esfuerzos\u201d para \u201cencerrar y aislar\u201d a los narcotraficantes que est\u00e1n cometiendo los cr\u00edmenes en esta ciudad.<\/p>\n\n\n\n<p>Mediante un extenso texto que comparti\u00f3 en su cuenta de X, el mandatario nacional tambi\u00e9n respald\u00f3 a la ministra de Seguridad,&nbsp;<strong>Patricia Bullrich<\/strong>, que en las pr\u00f3ximas horas viajar\u00e1 a Santa fe para supervisar el inicio de las operaciones del Comit\u00e9 de Crisis que se cre\u00f3 para tratar de controlar la situaci\u00f3n en esa regi\u00f3n de la provincia.<\/p>\n\n\n\n<p>\u201c<strong>Bruno ten\u00eda 25 a\u00f1os y estaba trabajando cuando lo ejecutaron a sangre fr\u00eda. Env\u00edo mis condolencias a Jimena y su hijo, y a todos los que esta semana perdieron un ser querido en Rosario.<\/strong>&nbsp;S\u00e9 que no hay palabras para aminorar tanto dolor, pero sepan que este gobierno no va a parar hasta que haya justicia\u201d, comenz\u00f3 expresando el jefe de Estado.<\/p>\n\n\n\n<p>Para Milei, \u201cel kirchnerismo y el socialismo entregaron la ciudad a la delincuencia, y hoy lamentamos 4 homicidios en una semana\u201d, por lo que calific\u00f3 a los criminales que est\u00e1n detr\u00e1s de esos hechos como \u201cun grupo de narcoterroristas desesperados por sostener el poder y la impunidad\u201d.<\/p>\n\n\n\n<p><img loading=\"lazy\" decoding=\"async\" alt=\"El mensaje de Milei\" height=\"1925\" width=\"1920\" src=\"https:\/\/www.infobae.com\/new-resizer\/m4jebrnGQlGdgioRHx8xDbQccrk=\/420x420\/filters:format(webp):quality(85)\/cloudfront-us-east-1.images.arcpublishing.com\/infobae\/XNFBD25NUVEHRFIQF63MBIKRPI.jpg%20420w\" srcset=\"https:\/\/www.infobae.com\/new-resizer\/m4jebrnGQlGdgioRHx8xDbQccrk=\/420x420\/filters:format(webp):quality(85)\/cloudfront-us-east-1.images.arcpublishing.com\/infobae\/XNFBD25NUVEHRFIQF63MBIKRPI.jpg 420w,https:\/\/www.infobae.com\/new-resizer\/7AGz_LQrnKAJIdLmrnhpFG_73LA=\/768x768\/filters:format(webp):quality(85)\/cloudfront-us-east-1.images.arcpublishing.com\/infobae\/XNFBD25NUVEHRFIQF63MBIKRPI.jpg 768w,https:\/\/www.infobae.com\/new-resizer\/AoepnhLhjILtJhtTfcOlV1sAN5w=\/992x992\/filters:format(webp):quality(85)\/cloudfront-us-east-1.images.arcpublishing.com\/infobae\/XNFBD25NUVEHRFIQF63MBIKRPI.jpg 992w,https:\/\/www.infobae.com\/new-resizer\/tzgkHTpGdXrkL7Z2qxWhHuuWebc=\/1200x1200\/filters:format(webp):quality(85)\/cloudfront-us-east-1.images.arcpublishing.com\/infobae\/XNFBD25NUVEHRFIQF63MBIKRPI.jpg 1200w,https:\/\/www.infobae.com\/new-resizer\/zMcvp7aJZF883SaC6Cls3eokKgE=\/1440x1440\/filters:format(webp):quality(85)\/cloudfront-us-east-1.images.arcpublishing.com\/infobae\/XNFBD25NUVEHRFIQF63MBIKRPI.jpg 1440w\">El mensaje de Milei<\/p>\n\n\n\n<p>\u201cMientras sea Presidente, no vamos a dejar de perseguirlos. No vamos a dejar de requisar las c\u00e1rceles. No vamos a titubear cuando la vida de un inocente est\u00e9 en juego. No vamos a permitir que sigan gobernando Rosario.\u00a0<strong>Las Fuerzas de Seguridad tienen nuestro apoyo irrestricto para hacer lo que sea necesario para reinstaurar el orden<\/strong>\u201d, remarc\u00f3.<\/p>\n\n\n\n<p>Y agreg\u00f3: \u201cVamos a redoblar esfuerzos, encerrarlos, aislarlos, recuperar las calles y la libertad de los rosarinos. No negociamos, porque sabemos que son ellos o nosotros.&nbsp;<strong>Ni un paso atr\u00e1s, ministra Patricia Bullrich<\/strong>\u201d.<\/p>\n\n\n\n<p>En medio de la ola de inseguridad y m\u00faltiples asesinatos en manos de sicarios y narcotraficantes, la titular de la cartera de Seguridad y su par de Defensa,&nbsp;<strong>Luis Petri<\/strong>, viajar\u00e1n en las pr\u00f3ximas horas a Rosario y encabezar\u00e1n una conferencia de prensa junto al gobernador e intendente local,&nbsp;<strong>Maximiliano Pullaro<\/strong>&nbsp;y<strong>&nbsp;Pablo Javkin<\/strong>, respectivamente, para anunciar las medidas que se van a tomar.<\/p>\n\n\n\n<p>\u201c<strong>El presidente Javier Milei me asign\u00f3 la responsabilidad de dar asistencia operativa junto a las Fuerzas Armadas en Rosario<\/strong>. Por eso, ma\u00f1ana voy a estar en esa ciudad para comunicar las acciones a emprender. Que quede claro: no vamos a dejar que los rosarinos queden a merced de los narcotraficantes\u201d, sostuvo Petri.<\/p>\n\n\n\n<p>El homicidio de Bussanich se sum\u00f3 al de los taxistas\u00a0<strong>Diego Alejandro Celentano\u00a0<\/strong>y\u00a0<strong>H\u00e9ctor Ra\u00fal Figueroa<\/strong>, y al del chofer de troleb\u00fas<strong>\u00a0Marcos Iv\u00e1n Daloia<\/strong>. Adem\u00e1s, la Oficina de Recepci\u00f3n de Detenidos de\u00a0<strong>Rosario<\/strong>,\u00a0<strong>c\u00e1rcel conocida como \u201cOrder\u201d<\/strong>, fue baleada en la tarde de este domingo.<\/p>\n\n\n\n<p><img loading=\"lazy\" decoding=\"async\" alt=\"Bruno Bussenich, el playero asesinado en Rosario\" height=\"1080\" width=\"1920\" src=\"https:\/\/www.infobae.com\/new-resizer\/0Cy4nwk1TeBSO386Lu9XrTZEhsI=\/420x236\/filters:format(webp):quality(85)\/cloudfront-us-east-1.images.arcpublishing.com\/infobae\/Y2DG3743DFDZFKP7ZPFATRE6BM.jpg%20420w\" srcset=\"https:\/\/www.infobae.com\/new-resizer\/0Cy4nwk1TeBSO386Lu9XrTZEhsI=\/420x236\/filters:format(webp):quality(85)\/cloudfront-us-east-1.images.arcpublishing.com\/infobae\/Y2DG3743DFDZFKP7ZPFATRE6BM.jpg 420w,https:\/\/www.infobae.com\/new-resizer\/iG5scRkwa3bmhzMxs9Li7FkLaAQ=\/768x432\/filters:format(webp):quality(85)\/cloudfront-us-east-1.images.arcpublishing.com\/infobae\/Y2DG3743DFDZFKP7ZPFATRE6BM.jpg 768w,https:\/\/www.infobae.com\/new-resizer\/QENxumysGP6g5mMx0xQfzYShb2E=\/992x558\/filters:format(webp):quality(85)\/cloudfront-us-east-1.images.arcpublishing.com\/infobae\/Y2DG3743DFDZFKP7ZPFATRE6BM.jpg 992w,https:\/\/www.infobae.com\/new-resizer\/4tg4E8ruhPGEO7YWYZ-iI2Eqi80=\/1200x675\/filters:format(webp):quality(85)\/cloudfront-us-east-1.images.arcpublishing.com\/infobae\/Y2DG3743DFDZFKP7ZPFATRE6BM.jpg 1200w,https:\/\/www.infobae.com\/new-resizer\/JTkRCNLVwle-O04SjApkddx5RfU=\/1440x810\/filters:format(webp):quality(85)\/cloudfront-us-east-1.images.arcpublishing.com\/infobae\/Y2DG3743DFDZFKP7ZPFATRE6BM.jpg 1440w\">Bruno Bussenich, el playero asesinado en Rosario<\/p>\n\n\n\n<p>El objetivo de todos los ataques ser\u00eda generar conmoci\u00f3n, en reprimenda por las requisas en las c\u00e1rceles de la provincia y las r\u00edgidas medidas que tom\u00f3 el gobernador Pullaro, que limitaron las visitas de los presos de alto perfil.<\/p>\n\n\n\n<p>En las \u00faltimas horas, apareci\u00f3 un mensaje mafioso, escrito en birome, sobre una hoja rajada escolar: \u201cEsta guerra no es por el territorio, es contra Pullaro y (Pablo) Cococcioni\u201d, comienza diciendo la nueva amenaza del crimen organizado contra el gobernador y su ministro de seguridad y contin\u00faa: \u201cAs\u00ed como nosotros llegamos a 300 muertos, estando unidos vamos a matar a m\u00e1s inocentes por a\u00f1o\u201d.<\/p>\n\n\n\n<p>Ante este escenario, el Presidentey la ministra de Seguridad anunciaron la conformaci\u00f3n, por pedido del gobernador de Santa Fe, del nuevo\u00a0<strong>Comit\u00e9 de Crisis<\/strong>, con el objetivo de intervenir en\u00a0<em><strong>Rosario\u00a0<\/strong><\/em>con las\u00a0<strong>Fuerzas Federales<\/strong>.<\/p>\n\n\n\n<p>\u201cDe esta manera,<strong>\u00a0la Polic\u00eda Federal, la Gendarmer\u00eda Nacional, la Prefectura Naval, la Polic\u00eda de Seguridad Aeroportuaria\u00a0<\/strong>y el Servicio Penitenciario asistir\u00e1n a la Polic\u00eda de Santa Fe en el combate contra el narcotr\u00e1fico\u201d, reza el comunicado que lanzaron desde el Gobierno este mediod\u00eda. Y agrega que \u201clas\u00a0<strong>Fuerzas Armadas<\/strong>\u00a0han sido facultadas para otorgar asistencia en las operaciones de\u00a0<strong>seguridad interior<\/strong>, en los t\u00e9rminos del art\u00edculo 27 de la Ley 24.059\u2033.<\/p>\n\n\n\n<p><em>Fuente: Infobae.<\/em><\/p>\n","protected":false},"excerpt":{"rendered":"<p>El Presidente les envi\u00f3 sus condolencias a los familiares del joven asesinado y asegur\u00f3 que su gobierno va a \u201credoblar esfuerzos\u201d contra los sicarios, para \u201cencerrarlos, aislarlos, recuperar las calles&hellip; <\/p>\n","protected":false},"author":6,"featured_media":131598,"comment_status":"closed","ping_status":"open","sticky":false,"template":"","format":"standard","meta":{"footnotes":""},"categories":[3],"tags":[],"class_list":["post-131597","post","type-post","status-publish","format-standard","has-post-thumbnail","hentry","category-politica"],"_links":{"self":[{"href":"https:\/\/corrientesdetarde.com\/index.php\/wp-json\/wp\/v2\/posts\/131597","targetHints":{"allow":["GET"]}}],"collection":[{"href":"https:\/\/corrientesdetarde.com\/index.php\/wp-json\/wp\/v2\/posts"}],"about":[{"href":"https:\/\/corrientesdetarde.com\/index.php\/wp-json\/wp\/v2\/types\/post"}],"author":[{"embeddable":true,"href":"https:\/\/corrientesdetarde.com\/index.php\/wp-json\/wp\/v2\/users\/6"}],"replies":[{"embeddable":true,"href":"https:\/\/corrientesdetarde.com\/index.php\/wp-json\/wp\/v2\/comments?post=131597"}],"version-history":[{"count":1,"href":"https:\/\/corrientesdetarde.com\/index.php\/wp-json\/wp\/v2\/posts\/131597\/revisions"}],"predecessor-version":[{"id":131600,"href":"https:\/\/corrientesdetarde.com\/index.php\/wp-json\/wp\/v2\/posts\/131597\/revisions\/131600"}],"wp:featuredmedia":[{"embeddable":true,"href":"https:\/\/corrientesdetarde.com\/index.php\/wp-json\/wp\/v2\/media\/131598"}],"wp:attachment":[{"href":"https:\/\/corrientesdetarde.com\/index.php\/wp-json\/wp\/v2\/media?parent=131597"}],"wp:term":[{"taxonomy":"category","embeddable":true,"href":"https:\/\/corrientesdetarde.com\/index.php\/wp-json\/wp\/v2\/categories?post=131597"},{"taxonomy":"post_tag","embeddable":true,"href":"https:\/\/corrientesdetarde.com\/index.php\/wp-json\/wp\/v2\/tags?post=131597"}],"curies":[{"name":"wp","href":"https:\/\/api.w.org\/{rel}","templated":true}]}}