{"id":131602,"date":"2024-03-10T20:46:29","date_gmt":"2024-03-10T23:46:29","guid":{"rendered":"https:\/\/corrientesdetarde.com\/?p=131602"},"modified":"2024-03-10T20:46:41","modified_gmt":"2024-03-10T23:46:41","slug":"balearon-una-carcel-horas-despues-del-asesinato-del-playero","status":"publish","type":"post","link":"https:\/\/corrientesdetarde.com\/index.php\/crimen-y-justicia\/balearon-una-carcel-horas-despues-del-asesinato-del-playero\/","title":{"rendered":"Balearon una c\u00e1rcel horas despu\u00e9s del asesinato del playero."},"content":{"rendered":"\n<h2 class=\"wp-block-heading\">El hecho ocurri\u00f3 la tarde de este domingo. Seg\u00fan se pudo saber, no hubo personas heridas. Este lunes viajar\u00e1n los ministros de Seguridad y Defensa, Patricia Bullrich y Luis Petri, a la provincia a reunirse con el gobernador.<\/h2>\n\n\n\n<p>Horas despu\u00e9s del\u00a0<strong>asesinato del playero<\/strong>\u00a0Bruno Bussanich,\u00a0<strong>balearon de dos disparos una c\u00e1rcel en Rosario<\/strong>\u00a0y la violencia en la ciudad crece cada vez m\u00e1s.\u00a0<strong>No hubo personas heridas.<\/strong><\/p>\n\n\n\n<p>Seg\u00fan fuentes oficiales, los presos se estaban complicando con la organizaci\u00f3n de delitos desde la prisi\u00f3n y es por eso que diferentes bandas de toda la vida decidieron unirse. Lo que buscan es que se vuelva atr\u00e1s con determinadas medidas como, por ejemplo,\u00a0<strong>la prohibici\u00f3n del uso de celulares.<\/strong><\/p>\n\n\n\n<p><strong>\u201cLa uni\u00f3n de los narcos es una novedad, entre todos arman los atentados\u201d<\/strong>, aseguraron las fuentes a este medio. Esto se debe a que si no se juntan se sienten solos y necesitan agruparse para los il\u00edcitos.<\/p>\n\n\n\n<p>La Order (Oficina de Recepci\u00f3n de Detenidos de Rosario), donde ocurri\u00f3 el ataque, fue inaugurada hace varios a\u00f1os&nbsp;<strong>para que no haya detenidos en las comisar\u00edas.&nbsp;<\/strong>Los tienen arrestados ah\u00ed hasta que los imputan y luego los trasladan a c\u00e1rceles de m\u00e1xima seguridad.<\/p>\n\n\n\n<figure class=\"wp-block-image\"><img decoding=\"async\" src=\"https:\/\/tn.com.ar\/resizer\/0FQuBDwR1Yrg5MRRyNP6rTjW6ps=\/767x0\/smart\/filters:format(webp)\/cloudfront-us-east-1.images.arcpublishing.com\/artear\/VPGGJKGQPJHZLFGQ43CUTF425U.jpg\" alt=\"El ataque ocurri\u00f3 en la Oficina de Recepci\u00f3n de Detenidos de Rosario. (Foto:  Diario Digital Conclusi\u00f3n)\"\/><figcaption class=\"wp-element-caption\">El ataque ocurri\u00f3 en la Oficina de Recepci\u00f3n de Detenidos de Rosario. (Foto: Diario Digital Conclusi\u00f3n)<\/figcaption><\/figure>\n\n\n\n<p>Este lunes viajar\u00e1n los ministros de Seguridad y Defensa,\u00a0<strong>Patricia Bullrich\u00a0y\u00a0Luis Petri<\/strong>, a la provincia a reunirse con el gobernador, Maximiliano Pullaro.<\/p>\n\n\n\n<h2 class=\"wp-block-heading\">La violencia no para en Rosario: mataron a dos taxistas, un playero y un colectivero<\/h2>\n\n\n\n<p>En menos de 24 horas<strong>\u00a0mataron a balazos<\/strong><a href=\"https:\/\/tn.com.ar\/policiales\/2024\/03\/02\/rosario-atacaron-a-balazos-un-colectivo-que-trasladaba-personal-penitenciario-y-hay-al-menos-un-herido\/\"><\/a><strong>a dos taxistas\u00a0<\/strong>en la ciudad de Rosario. La polic\u00eda investiga<strong>\u00a0una posible conexi\u00f3n entre ambos homicidios<\/strong>. El primer asesinato ocurri\u00f3 en la noche del martes en la intersecci\u00f3n de las calles Flammari\u00f3n y Lamadrid del barrio Tiro Suizo, en el sur de esa ciudad santafesina.<\/p>\n\n\n\n<p>La v\u00edctima fue identificada como&nbsp;<strong>H\u00e9ctor Figueroa,<\/strong>&nbsp;de 43 a\u00f1os, quien este viernes que pas\u00f3&nbsp;<strong>se iba a casar.<\/strong>&nbsp;El hombre conduc\u00eda un Fiat Cronos que utilizaba como taxi cuando un supuesto pasajero le dispar\u00f3 dos veces en la cabeza y lo mat\u00f3.<\/p>\n\n\n\n<p>El atacante escap\u00f3 del lugar y sigue pr\u00f3fugo. En el lugar,&nbsp;<strong>el homicida dej\u00f3 una zapatilla junto al veh\u00edculo.<\/strong>\u201dEsto no fue un intento de robo, porque al compa\u00f1ero le dispararon a quemarropa y no le llevaron la plata, ni el auto, ni el celular<strong>. Esto es un mensaje mafioso para alguien.&nbsp;<\/strong>El servicio nocturno no deber\u00eda funcionar m\u00e1s\u201d, manifest\u00f3 Jos\u00e9 Iantosca, titular de la c\u00e1mara de taxis.<\/p>\n\n\n\n<p>La sospecha tom\u00f3 a\u00fan m\u00e1s fuerza cuando se confirm\u00f3 que las vainas utilizadas para el asesinato ten\u00edan la inscripci\u00f3n PSF, correspondiente a la Polic\u00eda de Santa Fe. Adem\u00e1s, los investigadores ya corroboraron que ambos cr\u00edmenes<strong>&nbsp;fueron ejecutados con la misma pistola 9mm.<\/strong><\/p>\n\n\n\n<figure class=\"wp-block-image\"><img decoding=\"async\" src=\"https:\/\/tn.com.ar\/resizer\/yS46rkZGg_ZJykUfcTsvePWY9V8=\/767x0\/smart\/filters:format(webp)\/cloudfront-us-east-1.images.arcpublishing.com\/artear\/7U4KIAKVO5BTXKOUUW7UZKB3UA.jpg\" alt=\"Los dos taxistas fueron asesinados en menos de 24 horas. (Foto: Rosario3)\"\/><figcaption class=\"wp-element-caption\">Los dos taxistas fueron asesinados en menos de 24 horas. (Foto: Rosario3)<\/figcaption><\/figure>\n\n\n\n<p>Sobre el caso que deriv\u00f3 en el conflicto y la falta de servicio durante varias horas, Horacio Yannotti, titular del sindicato de peones de taxis, expres\u00f3:&nbsp;<strong>\u201cEs un mensaje mafioso relacionado con las im\u00e1genes del tratamiento carcelario<\/strong>\u201d.<\/p>\n\n\n\n<p>Cuando la Polic\u00eda lleg\u00f3 al lugar, Figueroa se encontraba sin vida. Las vainas incautadas fueron enviadas para su an\u00e1lisis por orden del fiscal Patricio Saldutti, ya que no se descartaba que el uso de armas y municiones pertenecientes a las fuerzas de seguridad locales pudieran ser consecuencia de robos o irregularidades, seg\u00fan precisaron&nbsp;<em>La Capital y Rosario3.<\/em><\/p>\n\n\n\n<p>Horas despu\u00e9s mataron a otro, identificado como&nbsp;<strong>Diego Alejadro Celentano,&nbsp;<\/strong>de 32 a\u00f1os. Lo encontraron en el interior de su auto con al menos&nbsp;<strong>un disparo en la cabeza,<\/strong>&nbsp;en la intersecci\u00f3n de las calles Marcelo T. de Alvear y Garmendia.<\/p>\n\n\n\n<p>La modalidad del homicidio es id\u00e9ntica a la que se utiliz\u00f3 la noche anterior: los agresores fueron dos ydejaron tirada al lado del veh\u00edculo una zapatilla. Con el crimen de Celentano, ya son cuatro los taxistas asesinados en un mes. Por estos dos cr\u00edmenes<strong>&nbsp;hay siete detenidos.<\/strong><\/p>\n\n\n\n<h2 class=\"wp-block-heading\">El brutal crimen del playero y el colectivero<\/h2>\n\n\n\n<p>El asesinato del playero<strong>&nbsp;Bruno Bussanich<\/strong>&nbsp;ocurri\u00f3 poco antes de medianoche de este s\u00e1bado,&nbsp;<strong>en una estaci\u00f3n ubicada en Mendoza al 7600<\/strong>. Seg\u00fan las primeras informaciones, un hombre armado entr\u00f3 a la oficina del lugar y dispar\u00f3 tres veces contra el joven que estaba trabajando en ese momento.<\/p>\n\n\n\n<p>La v\u00edctima recibi\u00f3 dos disparos en el pecho y uno en la cabeza,&nbsp;<strong>y muri\u00f3 poco despu\u00e9s en el hospital al que fue trasladado.&nbsp;<\/strong>Los autores del crimen se mov\u00edan en un auto chocado, con dos ocupantes a bordo que escaparon tras el ataque.<\/p>\n\n\n\n<p>En la escena del crimen, los investigadores encontraron una nota dirigida al gobernador de la provincia de Santa Fe,&nbsp;<strong>Maximiliano Pullaro,<\/strong>&nbsp;y al ministro de Seguridad,&nbsp;<strong>Pablo Cococcioni<\/strong>, en la que se los critica por la situaci\u00f3n penitenciaria en la provincia.<\/p>\n\n\n\n<p>\u201cEsta guerra no es por territorio.&nbsp;<strong>Es contra Pullaro y Cococcioni.<\/strong>&nbsp;As\u00ed como nosotros llegamos a 300 muertos, estando unidos vamos a matar m\u00e1s inocentes por a\u00f1o\u201d, dice la nota, que est\u00e1 firmada por \u201cZona Norte, Zona Sur y Zona Oeste\u201d.<\/p>\n\n\n\n<p>Este domingo, adem\u00e1s,\u00a0<strong>muri\u00f3 el chofer de trol\u00e9b\u00fas de la l\u00ednea \u201cK\u201d\u00a0<\/strong>que fue baleado el jueves. La noticia fue confirmada por Andrea Becherucci, la directora del Hospital de Emergencias Clemente \u00c1lvarez (HECA), donde estaba internado.<\/p>\n\n\n\n<p><em>Fuente: Todo Noticias.<\/em><\/p>\n","protected":false},"excerpt":{"rendered":"<p>El hecho ocurri\u00f3 la tarde de este domingo. Seg\u00fan se pudo saber, no hubo personas heridas. Este lunes viajar\u00e1n los ministros de Seguridad y Defensa, Patricia Bullrich y Luis Petri,&hellip; <\/p>\n","protected":false},"author":6,"featured_media":131604,"comment_status":"closed","ping_status":"open","sticky":false,"template":"","format":"standard","meta":{"footnotes":""},"categories":[5],"tags":[],"class_list":["post-131602","post","type-post","status-publish","format-standard","has-post-thumbnail","hentry","category-crimen-y-justicia"],"_links":{"self":[{"href":"https:\/\/corrientesdetarde.com\/index.php\/wp-json\/wp\/v2\/posts\/131602","targetHints":{"allow":["GET"]}}],"collection":[{"href":"https:\/\/corrientesdetarde.com\/index.php\/wp-json\/wp\/v2\/posts"}],"about":[{"href":"https:\/\/corrientesdetarde.com\/index.php\/wp-json\/wp\/v2\/types\/post"}],"author":[{"embeddable":true,"href":"https:\/\/corrientesdetarde.com\/index.php\/wp-json\/wp\/v2\/users\/6"}],"replies":[{"embeddable":true,"href":"https:\/\/corrientesdetarde.com\/index.php\/wp-json\/wp\/v2\/comments?post=131602"}],"version-history":[{"count":1,"href":"https:\/\/corrientesdetarde.com\/index.php\/wp-json\/wp\/v2\/posts\/131602\/revisions"}],"predecessor-version":[{"id":131606,"href":"https:\/\/corrientesdetarde.com\/index.php\/wp-json\/wp\/v2\/posts\/131602\/revisions\/131606"}],"wp:featuredmedia":[{"embeddable":true,"href":"https:\/\/corrientesdetarde.com\/index.php\/wp-json\/wp\/v2\/media\/131604"}],"wp:attachment":[{"href":"https:\/\/corrientesdetarde.com\/index.php\/wp-json\/wp\/v2\/media?parent=131602"}],"wp:term":[{"taxonomy":"category","embeddable":true,"href":"https:\/\/corrientesdetarde.com\/index.php\/wp-json\/wp\/v2\/categories?post=131602"},{"taxonomy":"post_tag","embeddable":true,"href":"https:\/\/corrientesdetarde.com\/index.php\/wp-json\/wp\/v2\/tags?post=131602"}],"curies":[{"name":"wp","href":"https:\/\/api.w.org\/{rel}","templated":true}]}}