{"id":131608,"date":"2024-03-10T21:06:40","date_gmt":"2024-03-11T00:06:40","guid":{"rendered":"https:\/\/corrientesdetarde.com\/?p=131608"},"modified":"2024-03-10T21:06:52","modified_gmt":"2024-03-11T00:06:52","slug":"un-camion-de-paraguay-llevaba-cotorras-y-faisanes-sin-documentacion","status":"publish","type":"post","link":"https:\/\/corrientesdetarde.com\/index.php\/policiales\/un-camion-de-paraguay-llevaba-cotorras-y-faisanes-sin-documentacion\/","title":{"rendered":"Un cami\u00f3n de Paraguay llevaba cotorras y faisanes sin documentaci\u00f3n."},"content":{"rendered":"\n<h2 class=\"wp-block-heading\">Los gendarmes rescataron las aves que estaban dentro de cajas de madera y sin documentaci\u00f3n que justifique su tenencia o traslado.<\/h2>\n\n\n\n<p>Durante la tarde del s\u00e1bado, en un procedimiento efectuado sobre el kil\u00f3metro 1.060 de la Ruta Nacional N\u00b0 11, el personal de la Secci\u00f3n Seguridad Vial &#8220;Lapachito&#8221;, dependiente del Escuadr\u00f3n 14 &#8220;Las Palmas&#8221;, detuvo la marcha de\u00a0<strong>un cami\u00f3n de bandera paraguaya, procedente de la ciudad de Asunci\u00f3n con destino final C\u00f3rdoba<\/strong>.<\/p>\n\n\n\n<p>Como resultado de la inspecci\u00f3n de la cabina del transporte,&nbsp;los gendarmes detectaron cajas de madera que<strong>&nbsp;conten\u00edan 23 cotorras de la especie Neophema y seis ejemplares de Fais\u00e1n<\/strong>, constatando que el conductor no pose\u00eda el aval legal correspondiente para su traslado.<\/p>\n\n\n\n<p>Consecuentemente,&nbsp;la Fiscal\u00eda interviniente dispuso&nbsp;<strong>el secuestro del cami\u00f3n y de las aves, como as\u00ed tambi\u00e9n que posteriormente las mismas sean entregadas al personal de la Brigada Operativa Ambiental (BOA)<\/strong>.<\/p>\n\n\n\n<figure class=\"wp-block-image\"><a href=\"https:\/\/www.radiosudamericana.com\/notix\/multimedia\/imagenes\/fotos\/2024-03-10\/110672.png\"><img decoding=\"async\" src=\"https:\/\/www.radiosudamericana.com\/notix\/multimedia\/imagenes\/fotos\/2024-03-10\/110672.png_nota.png\" alt=\"\"\/><\/a><\/figure>\n\n\n\n<p>En cuanto al involucrado, qued\u00f3 supeditado a la causa en infracci\u00f3n a las Leyes Nacionales N\u00b0 22.421 &#8220;<strong>Conservaci\u00f3n de la Fauna<\/strong>&#8221; y N\u00b0 2.786 &#8220;<strong>Malos Tratos a Animales<\/strong>&#8220;, y Ley Provincial N\u00b0 1.429-R &#8220;<strong>Caza ilegal<\/strong>&#8220;.<\/p>\n","protected":false},"excerpt":{"rendered":"<p>Los gendarmes rescataron las aves que estaban dentro de cajas de madera y sin documentaci\u00f3n que justifique su tenencia o traslado. Durante la tarde del s\u00e1bado, en un procedimiento efectuado&hellip; <\/p>\n","protected":false},"author":6,"featured_media":131610,"comment_status":"closed","ping_status":"open","sticky":false,"template":"","format":"standard","meta":{"footnotes":""},"categories":[33],"tags":[],"class_list":["post-131608","post","type-post","status-publish","format-standard","has-post-thumbnail","hentry","category-policiales"],"_links":{"self":[{"href":"https:\/\/corrientesdetarde.com\/index.php\/wp-json\/wp\/v2\/posts\/131608","targetHints":{"allow":["GET"]}}],"collection":[{"href":"https:\/\/corrientesdetarde.com\/index.php\/wp-json\/wp\/v2\/posts"}],"about":[{"href":"https:\/\/corrientesdetarde.com\/index.php\/wp-json\/wp\/v2\/types\/post"}],"author":[{"embeddable":true,"href":"https:\/\/corrientesdetarde.com\/index.php\/wp-json\/wp\/v2\/users\/6"}],"replies":[{"embeddable":true,"href":"https:\/\/corrientesdetarde.com\/index.php\/wp-json\/wp\/v2\/comments?post=131608"}],"version-history":[{"count":1,"href":"https:\/\/corrientesdetarde.com\/index.php\/wp-json\/wp\/v2\/posts\/131608\/revisions"}],"predecessor-version":[{"id":131612,"href":"https:\/\/corrientesdetarde.com\/index.php\/wp-json\/wp\/v2\/posts\/131608\/revisions\/131612"}],"wp:featuredmedia":[{"embeddable":true,"href":"https:\/\/corrientesdetarde.com\/index.php\/wp-json\/wp\/v2\/media\/131610"}],"wp:attachment":[{"href":"https:\/\/corrientesdetarde.com\/index.php\/wp-json\/wp\/v2\/media?parent=131608"}],"wp:term":[{"taxonomy":"category","embeddable":true,"href":"https:\/\/corrientesdetarde.com\/index.php\/wp-json\/wp\/v2\/categories?post=131608"},{"taxonomy":"post_tag","embeddable":true,"href":"https:\/\/corrientesdetarde.com\/index.php\/wp-json\/wp\/v2\/tags?post=131608"}],"curies":[{"name":"wp","href":"https:\/\/api.w.org\/{rel}","templated":true}]}}