{"id":131620,"date":"2024-03-10T21:40:21","date_gmt":"2024-03-11T00:40:21","guid":{"rendered":"https:\/\/corrientesdetarde.com\/?p=131620"},"modified":"2024-03-10T21:40:32","modified_gmt":"2024-03-11T00:40:32","slug":"marcelo-tinelli-desmintio-los-rumores-de-crisis-con-milett-figueroa","status":"publish","type":"post","link":"https:\/\/corrientesdetarde.com\/index.php\/espectaculos\/marcelo-tinelli-desmintio-los-rumores-de-crisis-con-milett-figueroa\/","title":{"rendered":"Marcelo Tinelli desminti\u00f3 los rumores de crisis con Milett Figueroa."},"content":{"rendered":"\n<h2 class=\"wp-block-heading\">El conductor, a trav\u00e9s de sus redes sociales, le hizo frente a las versiones de separaci\u00f3n. El gesto de la modelo.<\/h2>\n\n\n\n<p>La ausencia de\u00a0<strong>Milett Figueroa<\/strong>\u00a0en\u00a0el desfile de\u00a0<em>Ginebra<\/em>, la marca de\u00a0<strong>Micaela Tinelli<\/strong>que cerr\u00f3 el\u00a0<strong>Bafweek 2024<\/strong>, despert\u00f3 suspicacias sobre la relaci\u00f3n con\u00a0<strong>Marcelo Tinelli<\/strong>. Desde que oficializaron su romance, se muestran felices en las redes como en eventos sociales. Fue el mismo conductor quien\u00a0desminti\u00f3 que est\u00e9n separados\u00a0o en crisis, pero ahora con una imagen le hizo \u201cjaque mate\u201d a cualquier tipo de versi\u00f3n.<\/p>\n\n\n\n<p>El animador de&nbsp;<em>Bailando 2023<\/em>&nbsp;hab\u00eda expresado su malestar en LAM cuando&nbsp;<strong>\u00c1ngel de Brito&nbsp;<\/strong>insisti\u00f3 en c\u00f3mo estaba su v\u00ednculo con la actriz. \u201cMilett est\u00e1 con amigos. Termino ac\u00e1 y la voy a buscar. No me separ\u00e9, para nada. Cuando chequeas con la fuente y te dicen que no, es no. Yo no voy a mentirles a ustedes, ahora la voy a buscar a San Isidro a Milett. No estoy separado, para nada\u201d, afirm\u00f3, molesto.<\/p>\n\n\n\n<p>Incluso a la c\u00e1mara de&nbsp;<strong>Teleshow<\/strong>&nbsp;el conductor cont\u00f3 que unos compromisos de su pareja la hab\u00edan obligado a no ser parte del cierre de la Semana de la Moda de Buenos Aires que tuvo la marca de su hija con el debut de la c\u00e1psula masculina de Francisco Tinelli. \u201cMilett no vino porque estaba en la casa de unas amigas. Ahora la tengo que pasar a buscar, pero vine ac\u00e1 a acompa\u00f1arla a Mica\u201d, cont\u00f3 el animador, asegur\u00f3, rodeada de otras famosas como Zaira Nara y Cande Ruggeri.<\/p>\n\n\n\n<p><img loading=\"lazy\" decoding=\"async\" alt=\"La story de Marcelo Tinelli con Milett Figueroa, tras los rumores de crisis. (Instagram Stories)\" height=\"1862\" width=\"1080\" src=\"https:\/\/www.infobae.com\/new-resizer\/F653u3R0toVCbIAzJRJCZ2DslUo=\/420x747\/filters:format(webp):quality(85)\/cloudfront-us-east-1.images.arcpublishing.com\/infobae\/X7A7VBPTCZFUXIIDEXW7MYT4BU.jfif%20420w\" srcset=\"https:\/\/www.infobae.com\/new-resizer\/F653u3R0toVCbIAzJRJCZ2DslUo=\/420x747\/filters:format(webp):quality(85)\/cloudfront-us-east-1.images.arcpublishing.com\/infobae\/X7A7VBPTCZFUXIIDEXW7MYT4BU.jfif 420w,https:\/\/www.infobae.com\/new-resizer\/olDtshCYb0lnDosVepDxobtQIzs=\/768x1365\/filters:format(webp):quality(85)\/cloudfront-us-east-1.images.arcpublishing.com\/infobae\/X7A7VBPTCZFUXIIDEXW7MYT4BU.jfif 768w,https:\/\/www.infobae.com\/new-resizer\/OqGy77b939hxb4owKgQgBLN7GWw=\/992x1764\/filters:format(webp):quality(85)\/cloudfront-us-east-1.images.arcpublishing.com\/infobae\/X7A7VBPTCZFUXIIDEXW7MYT4BU.jfif 992w,https:\/\/www.infobae.com\/new-resizer\/3TyySBCi0MXMUiPhtboppas3E-Y=\/1200x2133\/filters:format(webp):quality(85)\/cloudfront-us-east-1.images.arcpublishing.com\/infobae\/X7A7VBPTCZFUXIIDEXW7MYT4BU.jfif 1200w\">La story de Marcelo Tinelli con Milett Figueroa, tras los rumores de crisis. (Instagram Stories)<\/p>\n\n\n\n<p>El empresario, a trav\u00e9s de una story en Instagram, eligi\u00f3 mostrarse enamorado y con una postal bien veraniega junto a la exparticipante del Bailando. \u201cS\u00e1bado con Milett\u201d, escribi\u00f3, en su red social junto a una\u00a0<em>selfie<\/em>\u00a0en la que aparece luciendo sus tatuajes, sin remera y al sol abrazado a su pareja. Ella, por su parte, aparece a su lado, en bikini y con un lago de fondo. Una postal de su amor que sigue por m\u00e1s.<\/p>\n\n\n\n<p>Milett, por su parte, hizo lo propio y comparti\u00f3 con sus casi 4 millones de seguidores el enorme regalo que le dio el animador. Un enorme ramo de jazmines, postal que acompa\u00f1\u00f3 con la frase \u201cmi amor\u201d, dejando en claro que su romance contin\u00faa con viento a favor.<\/p>\n\n\n\n<p><img loading=\"lazy\" decoding=\"async\" height=\"831\" width=\"747\" srcset=\"https:\/\/www.infobae.com\/new-resizer\/3sCzgumIfoHaXa9DW15CDiOit_Q=\/420x560\/filters:format(webp):quality(85)\/cloudfront-us-east-1.images.arcpublishing.com\/infobae\/OZGG4PJLPVERZMC32YCS62USKI.png 420w,https:\/\/www.infobae.com\/new-resizer\/4f7fsliySbIwgnSlrz7-b9B8UB4=\/768x1024\/filters:format(webp):quality(85)\/cloudfront-us-east-1.images.arcpublishing.com\/infobae\/OZGG4PJLPVERZMC32YCS62USKI.png 768w,https:\/\/www.infobae.com\/new-resizer\/OjyJsPxSMoN3LvbGyC3abYXkit8=\/992x1323\/filters:format(webp):quality(85)\/cloudfront-us-east-1.images.arcpublishing.com\/infobae\/OZGG4PJLPVERZMC32YCS62USKI.png 992w,https:\/\/www.infobae.com\/new-resizer\/7AZcdes-owMARnZgpRQJV3wkL-4=\/1200x1600\/filters:format(webp):quality(85)\/cloudfront-us-east-1.images.arcpublishing.com\/infobae\/OZGG4PJLPVERZMC32YCS62USKI.png 1200w\" src=\"https:\/\/www.infobae.com\/new-resizer\/3sCzgumIfoHaXa9DW15CDiOit_Q=\/420x560\/filters:format(webp):quality(85)\/cloudfront-us-east-1.images.arcpublishing.com\/infobae\/OZGG4PJLPVERZMC32YCS62USKI.png%20420w\" alt=\"El regalo que Marcelo Tinelli le hizo a Milett Figueroa para desmentir los rumores de separaci\u00f3n. (Instagram)\"><\/p>\n\n\n\n<p>El regalo que Marcelo Tinelli le hizo a Milett Figueroa para desmentir los rumores de separaci\u00f3n. (Instagram)<\/p>\n\n\n\n<p>En noviembre del a\u00f1o pasado, invitada a&nbsp;<em>Noche al Dente<\/em>, Milett se abri\u00f3 sobre su romance con Marcelo. \u201cPara el amor no hay edad, a m\u00ed ni fu ni fa, nunca fue un tema para m\u00ed. Yo siempre he salido con gente de mi edad, tengo 31, pero a veces me siento de 18 o a veces una vieja sabia o a veces una ni\u00f1a\u201d, asever\u00f3.<\/p>\n\n\n\n<p>All\u00ed record\u00f3 c\u00f3mo fue el momento en el que conoci\u00f3 al animador, en su llegada al pa\u00eds como participante de la \u00faltima edici\u00f3n del Bailando. \u201cCuando lo vi por primera vez&#8230; qu\u00e9 pregunta tan profunda, dije \u2018qu\u00e9 alto\u2019, pero pens\u00e9 que yo ya lo hab\u00eda visto antes por televisi\u00f3n, ya sab\u00eda qui\u00e9n era, pero no ten\u00eda una idea preconcebida de \u00e9l. As\u00ed que nada, lo conoc\u00ed, la verdad que hubo una conexi\u00f3n muy linda\u201d, rememor\u00f3.<\/p>\n\n\n\n<p>En la misma entrevista, la actriz peruana reconoci\u00f3 c\u00f3mo es cuando est\u00e1 en pareja. \u201cSoy muy celosa. Si hay motivos, un poquito celosa soy\u201d, admiti\u00f3, y asegur\u00f3 que comparte con el animador ese mismo defecto. \u201cMarcelo es muy coqueto. Huele muy bien\u201d, coment\u00f3, entre risas.<\/p>\n","protected":false},"excerpt":{"rendered":"<p>El conductor, a trav\u00e9s de sus redes sociales, le hizo frente a las versiones de separaci\u00f3n. El gesto de la modelo. La ausencia de\u00a0Milett Figueroa\u00a0en\u00a0el desfile de\u00a0Ginebra, la marca de\u00a0Micaela&hellip; <\/p>\n","protected":false},"author":6,"featured_media":131622,"comment_status":"closed","ping_status":"open","sticky":false,"template":"","format":"standard","meta":{"footnotes":""},"categories":[19],"tags":[],"class_list":["post-131620","post","type-post","status-publish","format-standard","has-post-thumbnail","hentry","category-espectaculos"],"_links":{"self":[{"href":"https:\/\/corrientesdetarde.com\/index.php\/wp-json\/wp\/v2\/posts\/131620","targetHints":{"allow":["GET"]}}],"collection":[{"href":"https:\/\/corrientesdetarde.com\/index.php\/wp-json\/wp\/v2\/posts"}],"about":[{"href":"https:\/\/corrientesdetarde.com\/index.php\/wp-json\/wp\/v2\/types\/post"}],"author":[{"embeddable":true,"href":"https:\/\/corrientesdetarde.com\/index.php\/wp-json\/wp\/v2\/users\/6"}],"replies":[{"embeddable":true,"href":"https:\/\/corrientesdetarde.com\/index.php\/wp-json\/wp\/v2\/comments?post=131620"}],"version-history":[{"count":1,"href":"https:\/\/corrientesdetarde.com\/index.php\/wp-json\/wp\/v2\/posts\/131620\/revisions"}],"predecessor-version":[{"id":131623,"href":"https:\/\/corrientesdetarde.com\/index.php\/wp-json\/wp\/v2\/posts\/131620\/revisions\/131623"}],"wp:featuredmedia":[{"embeddable":true,"href":"https:\/\/corrientesdetarde.com\/index.php\/wp-json\/wp\/v2\/media\/131622"}],"wp:attachment":[{"href":"https:\/\/corrientesdetarde.com\/index.php\/wp-json\/wp\/v2\/media?parent=131620"}],"wp:term":[{"taxonomy":"category","embeddable":true,"href":"https:\/\/corrientesdetarde.com\/index.php\/wp-json\/wp\/v2\/categories?post=131620"},{"taxonomy":"post_tag","embeddable":true,"href":"https:\/\/corrientesdetarde.com\/index.php\/wp-json\/wp\/v2\/tags?post=131620"}],"curies":[{"name":"wp","href":"https:\/\/api.w.org\/{rel}","templated":true}]}}