{"id":131625,"date":"2024-03-10T21:54:42","date_gmt":"2024-03-11T00:54:42","guid":{"rendered":"https:\/\/corrientesdetarde.com\/?p=131625"},"modified":"2024-03-10T21:54:54","modified_gmt":"2024-03-11T00:54:54","slug":"enzo-vogrincic-llego-a-los-premios-oscar-con-un-detalle-inspirado-en-la-cordillera-de-los-andes","status":"publish","type":"post","link":"https:\/\/corrientesdetarde.com\/index.php\/espectaculos\/enzo-vogrincic-llego-a-los-premios-oscar-con-un-detalle-inspirado-en-la-cordillera-de-los-andes\/","title":{"rendered":"Enzo Vogrincic lleg\u00f3 a los premios Oscar con un detalle inspirado en la cordillera de los Andes."},"content":{"rendered":"\n<h2 class=\"wp-block-heading\">En las \u00faltimas semanas se convirti\u00f3 en un ni\u00f1o mimado de la moda: es embajador de Loewe y la nueva cara de Zara hombre.<\/h2>\n\n\n\n<p><strong>Enzo Vogrincic<\/strong>\u00a0es uno de los hombres del momento en el showbusiness. No solo porque es uno de los protagonistas de la pel\u00edcula\u00a0<em>La sociedad de la Nieve<\/em>\u00a0(cuenta con varias nominaciones a los Oscar). Tambi\u00e9n se ha convertido en el\u00a0<strong>nuevo ni\u00f1o mimado de la moda internaciona<\/strong>l: es embajador de la marca espa\u00f1ola Loewe y protagoniza la nueva campa\u00f1a de Zara. Esta noche, se luce en la\u00a0<em>red carpet<\/em>\u00a0de los\u00a0Oscar\u00a0en el coraz\u00f3n de Hollywood.<\/p>\n\n\n\n<figure class=\"wp-block-image\"><img decoding=\"async\" src=\"https:\/\/tn.com.ar\/resizer\/83Hokfph8ZdBBYOnGauLbJteENI=\/767x0\/smart\/filters:format(webp)\/cloudfront-us-east-1.images.arcpublishing.com\/artear\/XPTWCHOE7RHILGS735CZ3LBXVE.jpeg\" alt=\"Enzo Vogrincic elegant\u00edsimo en la red carpet. (Foto: AFP)\"\/><figcaption class=\"wp-element-caption\">Enzo Vogrincic elegant\u00edsimo en la red carpet. (Foto: AFP)<\/figcaption><\/figure>\n\n\n\n<h2 class=\"wp-block-heading\">Enzo Vogrincic en la red carpet<\/h2>\n\n\n\n<p>El actor uruguayo lleg\u00f3 a la red carpet de los Oscar con un\u00a0<strong>elegante esmoquin negro con camisa blanca<\/strong>\u00a0(sin corbata ni mo\u00f1o y con el cuello para arriba) y<strong>\u00a0faja negra<\/strong>. \u00bfEl detalle? Llev\u00f3 un\u00a0<strong>pin donde pueden verse distintas monta\u00f1as, haciendo de esta manera menci\u00f3n a la Cordillera de los Andes<\/strong>, lugar donde se cay\u00f3 el avi\u00f3n con los rugbiers uruguayos que dio lugar a la taquillera pel\u00edcula que hoy protagoniza.<\/p>\n\n\n\n<figure class=\"wp-block-image\"><img decoding=\"async\" src=\"https:\/\/tn.com.ar\/resizer\/HmmyyPI0TdQmlthUm8cXUu8YCe8=\/767x0\/smart\/filters:format(webp)\/cloudfront-us-east-1.images.arcpublishing.com\/artear\/O44ADCIOHFD2LPNDWLDFOGQWBY.jpeg\" alt=\"El pin inspirado en la Cordillera de los Andes fue uno de los comentarios de la red carpet. (Foto: AFP)\"\/><\/figure>\n\n\n\n<p>El pin inspirado en la Cordillera de los Andes fue uno de los comentarios de la red carpet. (Foto: AFP)<\/p>\n\n\n\n<p>Cancher\u00edsimo como siempre, el gal\u00e1n pos\u00f3 para los fot\u00f3grafos que cubren la llegada de los actores, actrices y directores al lugar del evento en el coraz\u00f3n de Hollywood, en Los Angeles. Como complemento, adem\u00e1s del pin con la imagen de las monta\u00f1as, us\u00f3&nbsp;<strong>zapatos negros de charol.<\/strong><\/p>\n\n\n\n<h2 class=\"wp-block-heading\">Enzo Vogrincic, el hombre de la moda<\/h2>\n\n\n\n<p>El estreno de&nbsp;<em>La Sociedad de la Nieve<\/em>, la pel\u00edcula espa\u00f1ola que relata la conocida tragedia de los Andes de 1972, revoluciona la escena del espect\u00e1culo. Sus protagonistas -la mayor\u00eda caras desconocidas- se van ganando un lugar en el ojo p\u00fablico y el uruguayo&nbsp;<strong>Enzo Vogrincic es el m\u00e1s nombrado en las redes sociales<\/strong>&nbsp;-en parte por su parecido al actor Adam Driver-. Ahora, el artista de 30 a\u00f1os se destaca como&nbsp;<strong>chico fashionista<\/strong>.<\/p>\n\n\n\n<p>Despu\u00e9s de posar para la revista GQ Magazine y ser elegido como modelo de la firma Loewe, ahora el actor se convirti\u00f3 en embajador de Zara Man y cautiv\u00f3 a todos sus fan\u00e1ticos con sus looks para la campa\u00f1a de la tienda espa\u00f1ola.<\/p>\n\n\n\n<figure class=\"wp-block-image\"><img decoding=\"async\" src=\"https:\/\/tn.com.ar\/resizer\/ovRz3kVbF80--j3T1PO1q9eighY=\/767x0\/smart\/filters:format(webp)\/cloudfront-us-east-1.images.arcpublishing.com\/artear\/7B3S32WY7RGITLHOLSDQ2KKOS4.jpg\" alt=\"Enzo Vogrincic impact\u00f3 con su look. (Foto: Instagram\/@zaraman).\"\/><figcaption class=\"wp-element-caption\">Enzo Vogrincic impact\u00f3 con su look. (Foto: Instagram\/@zaraman).<\/figcaption><\/figure>\n","protected":false},"excerpt":{"rendered":"<p>En las \u00faltimas semanas se convirti\u00f3 en un ni\u00f1o mimado de la moda: es embajador de Loewe y la nueva cara de Zara hombre. Enzo Vogrincic\u00a0es uno de los hombres&hellip; <\/p>\n","protected":false},"author":6,"featured_media":131628,"comment_status":"closed","ping_status":"open","sticky":false,"template":"","format":"standard","meta":{"footnotes":""},"categories":[19],"tags":[],"class_list":["post-131625","post","type-post","status-publish","format-standard","has-post-thumbnail","hentry","category-espectaculos"],"_links":{"self":[{"href":"https:\/\/corrientesdetarde.com\/index.php\/wp-json\/wp\/v2\/posts\/131625","targetHints":{"allow":["GET"]}}],"collection":[{"href":"https:\/\/corrientesdetarde.com\/index.php\/wp-json\/wp\/v2\/posts"}],"about":[{"href":"https:\/\/corrientesdetarde.com\/index.php\/wp-json\/wp\/v2\/types\/post"}],"author":[{"embeddable":true,"href":"https:\/\/corrientesdetarde.com\/index.php\/wp-json\/wp\/v2\/users\/6"}],"replies":[{"embeddable":true,"href":"https:\/\/corrientesdetarde.com\/index.php\/wp-json\/wp\/v2\/comments?post=131625"}],"version-history":[{"count":1,"href":"https:\/\/corrientesdetarde.com\/index.php\/wp-json\/wp\/v2\/posts\/131625\/revisions"}],"predecessor-version":[{"id":131630,"href":"https:\/\/corrientesdetarde.com\/index.php\/wp-json\/wp\/v2\/posts\/131625\/revisions\/131630"}],"wp:featuredmedia":[{"embeddable":true,"href":"https:\/\/corrientesdetarde.com\/index.php\/wp-json\/wp\/v2\/media\/131628"}],"wp:attachment":[{"href":"https:\/\/corrientesdetarde.com\/index.php\/wp-json\/wp\/v2\/media?parent=131625"}],"wp:term":[{"taxonomy":"category","embeddable":true,"href":"https:\/\/corrientesdetarde.com\/index.php\/wp-json\/wp\/v2\/categories?post=131625"},{"taxonomy":"post_tag","embeddable":true,"href":"https:\/\/corrientesdetarde.com\/index.php\/wp-json\/wp\/v2\/tags?post=131625"}],"curies":[{"name":"wp","href":"https:\/\/api.w.org\/{rel}","templated":true}]}}