{"id":131634,"date":"2024-03-10T22:14:15","date_gmt":"2024-03-11T01:14:15","guid":{"rendered":"https:\/\/corrientesdetarde.com\/?p=131634"},"modified":"2024-03-10T22:14:18","modified_gmt":"2024-03-11T01:14:18","slug":"femicidio-apunalo-a-su-novia-se-dio-a-la-fuga-pero-lograron-detenerlo","status":"publish","type":"post","link":"https:\/\/corrientesdetarde.com\/index.php\/crimen-y-justicia\/femicidio-apunalo-a-su-novia-se-dio-a-la-fuga-pero-lograron-detenerlo\/","title":{"rendered":"Femicidio: apu\u00f1al\u00f3 a su novia, se dio a la fuga, pero lograron detenerlo."},"content":{"rendered":"\n<h2 class=\"wp-block-heading\">Natalia Galardo ten\u00eda 33 a\u00f1os y cuatro hijos, de 7, 9, 12 y 14. El sospechoso fue aprehendido en Tom\u00e1s Jofr\u00e9, partido de Mercedes. Ser\u00e1 indagado este lunes.<\/h2>\n\n\n\n<p>Horas despu\u00e9s del\u00a0<em><strong>8 de marzo<\/strong><\/em>, jornada en la que se conmemor\u00f3 el D\u00eda Internacional de la Mujer, con la lucha contra la violencia de g\u00e9nero como una de las principales banderas,\u00a0<strong>una madre de 33 a\u00f1os fue asesinada a pu\u00f1aladas delante de uno de sus hijos\u00a0<\/strong>en la puerta de su domicilio en Open Door, partido de\u00a0<strong>Luj\u00e1n<\/strong>. Por el crimen detuvieron a un hombre de 27 a\u00f1os, con quien ten\u00eda una relaci\u00f3n. Este lunes ser\u00e1 indagado por la Justicia.<\/p>\n\n\n\n<p>El brutal episodio sucedi\u00f3 este s\u00e1bado 9 de marzo a las 5 en una casilla ubicada en la intersecci\u00f3n de las calles Jos\u00e9 Esteban Echeverr\u00eda y Buenos Aires, donde la v\u00edctima, luego identificada como\u00a0<strong>Natalia Manuela Galardo<\/strong>, viv\u00eda con sus cuatro hijos: tres varones de 9, 12 y 14 a\u00f1os y una nena de 7.<\/p>\n\n\n\n<p>Hasta all\u00ed se acerc\u00f3 el novio de Natalia,\u00a0<strong>Gustavo Ariel Lucero<\/strong>, en horas de la madrugada. \u201cEra la primera vez que \u00e9l iba a su casa.\u00a0<strong>Discutieron, la apu\u00f1al\u00f3 y se dio a la fuga<\/strong>\u201d, confiaron fuentes del caso.<\/p>\n\n\n\n<p>El cuerpo de Natalia qued\u00f3 tendido sobre el pasto, que estaba empapado por la lluvia de la noche anterior. As\u00ed la encontr\u00f3 el mayor de sus hijos, quien luego dio aviso a la Polic\u00eda a trav\u00e9s de un llamado al 911, seg\u00fan inform\u00f3 el portal&nbsp;<em>El Civismo.<\/em><\/p>\n\n\n\n<p><img loading=\"lazy\" decoding=\"async\" alt=\"Natalia Galardo ten\u00eda 33 a\u00f1os y cuatro hijos de 7, 9, 12 y 14 a\u00f1os\" height=\"1081\" width=\"1920\" src=\"https:\/\/www.infobae.com\/new-resizer\/cQgN7gPllvkoUairLg0XZo-AY1Y=\/420x236\/filters:format(webp):quality(85)\/cloudfront-us-east-1.images.arcpublishing.com\/infobae\/ZXSILAWR55EALN4HQUO23GVWBY.jpg%20420w\" srcset=\"https:\/\/www.infobae.com\/new-resizer\/cQgN7gPllvkoUairLg0XZo-AY1Y=\/420x236\/filters:format(webp):quality(85)\/cloudfront-us-east-1.images.arcpublishing.com\/infobae\/ZXSILAWR55EALN4HQUO23GVWBY.jpg 420w,https:\/\/www.infobae.com\/new-resizer\/_iJKNYggN0UJGjUvAv_c4Iq1G1w=\/768x432\/filters:format(webp):quality(85)\/cloudfront-us-east-1.images.arcpublishing.com\/infobae\/ZXSILAWR55EALN4HQUO23GVWBY.jpg 768w,https:\/\/www.infobae.com\/new-resizer\/qGm63eWZGgRZYuOAmLhGTFteSFE=\/992x558\/filters:format(webp):quality(85)\/cloudfront-us-east-1.images.arcpublishing.com\/infobae\/ZXSILAWR55EALN4HQUO23GVWBY.jpg 992w,https:\/\/www.infobae.com\/new-resizer\/TaO_xSzJNz-hVG-O9xIYLo4XxRs=\/1200x675\/filters:format(webp):quality(85)\/cloudfront-us-east-1.images.arcpublishing.com\/infobae\/ZXSILAWR55EALN4HQUO23GVWBY.jpg 1200w,https:\/\/www.infobae.com\/new-resizer\/0K4OuygFJ9irhQppnwuyz5vXMA8=\/1440x810\/filters:format(webp):quality(85)\/cloudfront-us-east-1.images.arcpublishing.com\/infobae\/ZXSILAWR55EALN4HQUO23GVWBY.jpg 1440w\">Natalia Galardo ten\u00eda 33 a\u00f1os y cuatro hijos de 7, 9, 12 y 14 a\u00f1os<\/p>\n\n\n\n<p>Tras recoger distintos testimonios, los investigadores identificaron al\u00a0<strong>femicida\u00a0<\/strong>y la imagen de este hombre comenz\u00f3 a viralizarse en las redes sociales. Horas m\u00e1s tarde, la Polic\u00eda Bonaerense lo aprehendi\u00f3 en la localidad de\u00a0<strong>Tom\u00e1s Jofr\u00e9<\/strong>, partido de Mercedes, de donde era oriundo.<\/p>\n\n\n\n<p>En el video, que encabeza esta nota, se ve el momento exacto en que ingres\u00f3 al patrullero. Para capturarlo, seg\u00fan informaron medios locales, se llev\u00f3 a cabo un<strong>&nbsp;fuerte operativo<\/strong>&nbsp;que incluy\u00f3 a las \u00e1reas de Seguridad de Luj\u00e1n y Mercedes y fuerzas policiales de ambas jurisdicciones y la Polic\u00eda Rural.<\/p>\n\n\n\n<p>\u201cAl momento de su detenci\u00f3n no portaba el cuchillo con el que apu\u00f1al\u00f3 a la v\u00edctima ni tampoco sus pertenencias.&nbsp;<strong>Descart\u00f3 todo<\/strong>\u201d, aseguraron a este medio fuentes del caso.<\/p>\n\n\n\n<p><img loading=\"lazy\" decoding=\"async\" alt=\"El crimen sucedi\u00f3 en la puerta de una casilla ubicada en la intersecci\u00f3n de las calles Jos\u00e9 Esteban Echeverr\u00eda y Buenos Aires, en Open Door, partido de Luj\u00e1n\" height=\"1079\" width=\"1920\" src=\"https:\/\/www.infobae.com\/new-resizer\/7JcDBwNcyYGvUMZRT3W2-yBWuTc=\/420x236\/filters:format(webp):quality(85)\/cloudfront-us-east-1.images.arcpublishing.com\/infobae\/VBEM6N4DAFACXMGUOG7WBPYUIQ.jpg%20420w\" srcset=\"https:\/\/www.infobae.com\/new-resizer\/7JcDBwNcyYGvUMZRT3W2-yBWuTc=\/420x236\/filters:format(webp):quality(85)\/cloudfront-us-east-1.images.arcpublishing.com\/infobae\/VBEM6N4DAFACXMGUOG7WBPYUIQ.jpg 420w,https:\/\/www.infobae.com\/new-resizer\/UMQF5r-prkIh5SOheDelK3Upzgg=\/768x432\/filters:format(webp):quality(85)\/cloudfront-us-east-1.images.arcpublishing.com\/infobae\/VBEM6N4DAFACXMGUOG7WBPYUIQ.jpg 768w,https:\/\/www.infobae.com\/new-resizer\/fDOKk2J624NG2wi4jgizva4fj_s=\/992x558\/filters:format(webp):quality(85)\/cloudfront-us-east-1.images.arcpublishing.com\/infobae\/VBEM6N4DAFACXMGUOG7WBPYUIQ.jpg 992w,https:\/\/www.infobae.com\/new-resizer\/AQ1mnxX5B4MjG1X6KC_Ncix-DzA=\/1200x675\/filters:format(webp):quality(85)\/cloudfront-us-east-1.images.arcpublishing.com\/infobae\/VBEM6N4DAFACXMGUOG7WBPYUIQ.jpg 1200w,https:\/\/www.infobae.com\/new-resizer\/N-gTj6JCE3-JbVXYAjZKYRdxFec=\/1440x810\/filters:format(webp):quality(85)\/cloudfront-us-east-1.images.arcpublishing.com\/infobae\/VBEM6N4DAFACXMGUOG7WBPYUIQ.jpg 1440w\">El crimen sucedi\u00f3 en la puerta de una casilla ubicada en la intersecci\u00f3n de las calles Jos\u00e9 Esteban Echeverr\u00eda y Buenos Aires, en Open Door, partido de Luj\u00e1n<\/p>\n\n\n\n<p>El sospechoso qued\u00f3 imputado por \u201c<strong>homicidio agravado\u00a0<\/strong>por haber sido cometido por un hombre contra una mujer con la que manten\u00eda una relaci\u00f3n de pareja y por mediar<strong>\u00a0violencia de g\u00e9nero<\/strong>\u201d, delito que prev\u00e9 la pena de prisi\u00f3n\u00a0<strong>perpetua<\/strong>.<\/p>\n\n\n\n<p>El informe preliminar de la autopsia determin\u00f3 que el presunto femicida golpe\u00f3 a la v\u00edctima y, luego, le clav\u00f3 tres pu\u00f1aladas mortales. \u201c<strong>La herida que le provoc\u00f3 la muerte fue una pu\u00f1alada a la altura del estern\u00f3n<\/strong>\u201d, confiaron fuentes con acceso al expediente.<\/p>\n\n\n\n<p>Por el hecho tom\u00f3 intervenci\u00f3n la Unidad Funcional de Instrucci\u00f3n N\u00ba 9 del Departamento Judicial Mercedes, a cargo de&nbsp;<strong>Mariana Su\u00e1rez<\/strong>, quien indagar\u00e1 a Lucero este lunes 11 de marzo.<\/p>\n\n\n\n<p>De momento, los investigadores creen que el&nbsp;<strong>m\u00f3vil del crimen<\/strong>&nbsp;tuvo que ver con \u201ccelos\u201d de parte del agresor hacia la v\u00edctima. \u201c<strong>Le hac\u00eda escenas de celos por cualquier cosa<\/strong>\u201d, dijeron.<\/p>\n\n\n\n<p><img loading=\"lazy\" decoding=\"async\" alt=\"Gustavo Ariel Lucero tiene 27 a\u00f1os y es oriundo de Mercedes\" height=\"2091\" width=\"1920\" src=\"https:\/\/www.infobae.com\/new-resizer\/Jyq2MNUqHZxCeyZhN2pKY6kBZ6M=\/420x420\/filters:format(webp):quality(85)\/cloudfront-us-east-1.images.arcpublishing.com\/infobae\/YZE4CU33KFDS3NLRMON3EZ6K54.jpg%20420w\" srcset=\"https:\/\/www.infobae.com\/new-resizer\/Jyq2MNUqHZxCeyZhN2pKY6kBZ6M=\/420x420\/filters:format(webp):quality(85)\/cloudfront-us-east-1.images.arcpublishing.com\/infobae\/YZE4CU33KFDS3NLRMON3EZ6K54.jpg 420w,https:\/\/www.infobae.com\/new-resizer\/0OmRbTE63tGbv7G0lzAQCSMc-Fw=\/768x768\/filters:format(webp):quality(85)\/cloudfront-us-east-1.images.arcpublishing.com\/infobae\/YZE4CU33KFDS3NLRMON3EZ6K54.jpg 768w,https:\/\/www.infobae.com\/new-resizer\/UUlPpWAxxgeHkfBIxYI6VvpLA-E=\/992x992\/filters:format(webp):quality(85)\/cloudfront-us-east-1.images.arcpublishing.com\/infobae\/YZE4CU33KFDS3NLRMON3EZ6K54.jpg 992w,https:\/\/www.infobae.com\/new-resizer\/gWftwbLootb8MksJlpGVJF4rXmg=\/1200x1200\/filters:format(webp):quality(85)\/cloudfront-us-east-1.images.arcpublishing.com\/infobae\/YZE4CU33KFDS3NLRMON3EZ6K54.jpg 1200w,https:\/\/www.infobae.com\/new-resizer\/7uITF2XH39lgiykROoLs1q-zWx4=\/1440x1440\/filters:format(webp):quality(85)\/cloudfront-us-east-1.images.arcpublishing.com\/infobae\/YZE4CU33KFDS3NLRMON3EZ6K54.jpg 1440w\">Gustavo Ariel Lucero tiene 27 a\u00f1os y es oriundo de Mercedes<\/p>\n\n\n\n<p>Luego de que se conoci\u00f3 la tr\u00e1gica noticia, las redes se llenaron de mensajes de despedida para Galardo.&nbsp;<strong>\u201cMi reina, mi ejemplo de mujer, de guerrera\u201d<\/strong>, fueron las palabras que escribi\u00f3 su hermana Daiana y que acompa\u00f1\u00f3 con varias fotos de la v\u00edctima y sus hijos.<\/p>\n\n\n\n<p>M\u00e1s tarde, al tomar conocimiento de la detenci\u00f3n del sospechoso, la mujer agradeci\u00f3 \u201ca la comisar\u00eda de Open Door\u201d y le envi\u00f3 un mensaje a Lucero. \u201c<strong>Ahora, la va a pagar bien caro el paisano hijo de puta. Te vas a acordar toda la vida de nosotros, te lo aseguro<\/strong>\u201d, le advirti\u00f3.<\/p>\n\n\n\n<p>\u201cHoy lloramos tu muerte, mi querida Natalia Galardo, mi loca. La crack en el f\u00fatbol. Te arrebat\u00f3 la vida este hijo de mil putas. Tanto por vivir mi flaca\u201d, lament\u00f3 una amiga. Otra conocida, en tanto, escribi\u00f3: \u201cMarzo, nuevamente, llev\u00e1ndose una hermosa mujer, ejemplo de madre, luchadora y con ganas de salir adelante. Miles de cosas lindas para decir de vos mi Nati\u201d.<\/p>\n\n\n\n<p>El\u00a0<strong>municipio de Luj\u00e1n<\/strong>\u00a0tambi\u00e9n se refiri\u00f3 al hecho a trav\u00e9s de un comunicado oficial. \u201cCon profundo dolor e indignaci\u00f3n y a un d\u00eda del #8M, desde la Direcci\u00f3n de G\u00e9neros y Diversidad, dependiente de la Secretar\u00eda de Desarrollo Humano, debemos informar a la comunidad de Luj\u00e1n del\u00a0<strong>femicidio de Natalia<\/strong>, una mujer de 33 a\u00f1os\u201d, apunt\u00f3.<\/p>\n\n\n\n<p><em>Fuente: Infobae.<\/em><\/p>\n","protected":false},"excerpt":{"rendered":"<p>Natalia Galardo ten\u00eda 33 a\u00f1os y cuatro hijos, de 7, 9, 12 y 14. El sospechoso fue aprehendido en Tom\u00e1s Jofr\u00e9, partido de Mercedes. Ser\u00e1 indagado este lunes. Horas despu\u00e9s&hellip; <\/p>\n","protected":false},"author":6,"featured_media":131636,"comment_status":"closed","ping_status":"open","sticky":false,"template":"","format":"standard","meta":{"footnotes":""},"categories":[5],"tags":[],"class_list":["post-131634","post","type-post","status-publish","format-standard","has-post-thumbnail","hentry","category-crimen-y-justicia"],"_links":{"self":[{"href":"https:\/\/corrientesdetarde.com\/index.php\/wp-json\/wp\/v2\/posts\/131634","targetHints":{"allow":["GET"]}}],"collection":[{"href":"https:\/\/corrientesdetarde.com\/index.php\/wp-json\/wp\/v2\/posts"}],"about":[{"href":"https:\/\/corrientesdetarde.com\/index.php\/wp-json\/wp\/v2\/types\/post"}],"author":[{"embeddable":true,"href":"https:\/\/corrientesdetarde.com\/index.php\/wp-json\/wp\/v2\/users\/6"}],"replies":[{"embeddable":true,"href":"https:\/\/corrientesdetarde.com\/index.php\/wp-json\/wp\/v2\/comments?post=131634"}],"version-history":[{"count":1,"href":"https:\/\/corrientesdetarde.com\/index.php\/wp-json\/wp\/v2\/posts\/131634\/revisions"}],"predecessor-version":[{"id":131637,"href":"https:\/\/corrientesdetarde.com\/index.php\/wp-json\/wp\/v2\/posts\/131634\/revisions\/131637"}],"wp:featuredmedia":[{"embeddable":true,"href":"https:\/\/corrientesdetarde.com\/index.php\/wp-json\/wp\/v2\/media\/131636"}],"wp:attachment":[{"href":"https:\/\/corrientesdetarde.com\/index.php\/wp-json\/wp\/v2\/media?parent=131634"}],"wp:term":[{"taxonomy":"category","embeddable":true,"href":"https:\/\/corrientesdetarde.com\/index.php\/wp-json\/wp\/v2\/categories?post=131634"},{"taxonomy":"post_tag","embeddable":true,"href":"https:\/\/corrientesdetarde.com\/index.php\/wp-json\/wp\/v2\/tags?post=131634"}],"curies":[{"name":"wp","href":"https:\/\/api.w.org\/{rel}","templated":true}]}}