{"id":131649,"date":"2024-03-11T08:02:03","date_gmt":"2024-03-11T11:02:03","guid":{"rendered":"https:\/\/corrientesdetarde.com\/?p=131649"},"modified":"2024-03-12T10:49:18","modified_gmt":"2024-03-12T13:49:18","slug":"goya-ignacio-vilas-termino-quinto-en-la-primera-fecha-de-la-formula-3-entrerriana","status":"publish","type":"post","link":"https:\/\/corrientesdetarde.com\/index.php\/deportes\/goya-ignacio-vilas-termino-quinto-en-la-primera-fecha-de-la-formula-3-entrerriana\/","title":{"rendered":"GOYA: Ignacio Vilas termin\u00f3 quinto en la primera fecha de la F\u00f3rmula 3 Entrerriana"},"content":{"rendered":"\n<p>El piloto goyano Ignacio Vilas tuvo un gran comienzo en el campeonato 2024 de la F\u00f3rmula 3 Entrerriana. En la primera final del torneo finaliz\u00f3 en el quinto puesto y este domingo buscar\u00e1 mejorar la actuaci\u00f3n durante la segunda final en el Aut\u00f3dromo de Concepci\u00f3n del Uruguay.<\/p>\n\n\n\n<p>El Calendario de la F\u00f3rmula 3 Entrerriana tiene 8 dobles fechas que se disputar\u00e1n en distintos escenarios de esa provincia bajo la fiscalizaci\u00f3n de la Federaci\u00f3n Automovil\u00edstica Entrerriana (FAE).<\/p>\n\n\n\n<p>La apertura del certamen estuvo en duda por una fuerte lluvia que cay\u00f3 este s\u00e1bado en Concepci\u00f3n del Uruguay. El tiempo mejor\u00f3 y se pudo desarrollar el programa previsto para los monopostos.<\/p>\n\n\n\n<p>Vilas, que afronta su segunda temporada en la categor\u00eda a bordo de un auto que prepara Grin\u00f3vero Team, termin\u00f3 sexto en la clasificaci\u00f3n y en la final qued\u00f3 quinto despu\u00e9s de estar gran parte de la final en el cuarto lugar.<\/p>\n\n\n\n<p>La segunda final del fin de semana se correr\u00e1 este domingo. Previamente ser\u00e1 la serie donde Vilas largar\u00e1 desde el quinto lugar.\u201cLa categor\u00eda es muy competitiva, est\u00e1 muy pareja\u201d, sostuvo Vilas. \u201cTenemos una gran expectativa para la jornada del domingo puesto que la diferencia entre el primero y el d\u00e9cimo tercero es de solo 0.6 segundos\u201d, agreg\u00f3.<\/p>\n","protected":false},"excerpt":{"rendered":"<p>El piloto goyano Ignacio Vilas tuvo un gran comienzo en el campeonato 2024 de la F\u00f3rmula 3 Entrerriana. En la primera final del torneo finaliz\u00f3 en el quinto puesto y&hellip; <\/p>\n","protected":false},"author":12,"featured_media":131650,"comment_status":"closed","ping_status":"open","sticky":false,"template":"","format":"standard","meta":{"footnotes":""},"categories":[4,1208,1658],"tags":[],"class_list":["post-131649","post","type-post","status-publish","format-standard","has-post-thumbnail","hentry","category-deportes","category-eventossociedad","category-interior"],"_links":{"self":[{"href":"https:\/\/corrientesdetarde.com\/index.php\/wp-json\/wp\/v2\/posts\/131649","targetHints":{"allow":["GET"]}}],"collection":[{"href":"https:\/\/corrientesdetarde.com\/index.php\/wp-json\/wp\/v2\/posts"}],"about":[{"href":"https:\/\/corrientesdetarde.com\/index.php\/wp-json\/wp\/v2\/types\/post"}],"author":[{"embeddable":true,"href":"https:\/\/corrientesdetarde.com\/index.php\/wp-json\/wp\/v2\/users\/12"}],"replies":[{"embeddable":true,"href":"https:\/\/corrientesdetarde.com\/index.php\/wp-json\/wp\/v2\/comments?post=131649"}],"version-history":[{"count":1,"href":"https:\/\/corrientesdetarde.com\/index.php\/wp-json\/wp\/v2\/posts\/131649\/revisions"}],"predecessor-version":[{"id":131651,"href":"https:\/\/corrientesdetarde.com\/index.php\/wp-json\/wp\/v2\/posts\/131649\/revisions\/131651"}],"wp:featuredmedia":[{"embeddable":true,"href":"https:\/\/corrientesdetarde.com\/index.php\/wp-json\/wp\/v2\/media\/131650"}],"wp:attachment":[{"href":"https:\/\/corrientesdetarde.com\/index.php\/wp-json\/wp\/v2\/media?parent=131649"}],"wp:term":[{"taxonomy":"category","embeddable":true,"href":"https:\/\/corrientesdetarde.com\/index.php\/wp-json\/wp\/v2\/categories?post=131649"},{"taxonomy":"post_tag","embeddable":true,"href":"https:\/\/corrientesdetarde.com\/index.php\/wp-json\/wp\/v2\/tags?post=131649"}],"curies":[{"name":"wp","href":"https:\/\/api.w.org\/{rel}","templated":true}]}}